{"id":271757,"date":"2025-07-25T01:49:19","date_gmt":"2025-07-25T01:49:19","guid":{"rendered":"https:\/\/www.europesays.com\/fr\/271757\/"},"modified":"2025-07-25T01:49:19","modified_gmt":"2025-07-25T01:49:19","slug":"sale-juif-indignation-apres-des-propos-antisemites-et-homophobes-a-nice-la-mairie-saisit-le-procureur","status":"publish","type":"post","link":"https:\/\/www.europesays.com\/fr\/271757\/","title":{"rendered":"\u00ab\u00a0Sale juif\u00a0\u00bb\u00a0: indignation apr\u00e8s des propos antis\u00e9mites et homophobes \u00e0 Nice, la mairie saisit le procureur"},"content":{"rendered":"<p class=\"paragraph text_align_left lp-f-body-02\">\u00ab Cours p\u00e9d\u00e9. Sale juif \u00bb. Le motif de l\u2019altercation survenue \u00e0 Nice mercredi est encore flou, mais les mots, des injures <a href=\"https:\/\/www.leparisien.fr\/societe\/mauvaise-conduite-accusations-dantisemitisme-ce-que-lon-sait-de-lexpulsion-dados-de-confession-juive-dun-vol-vers-paris-24-07-2025-KVUGL6O67VF4FLBZWL25P2JS7E.php\" target=\"_self\" rel=\"nofollow noopener\">antis\u00e9mites<\/a>, homophobes et racistes, sont prononc\u00e9s distinctement.<\/p>\n<p class=\"paragraph text_align_left lp-f-body-02\">La sc\u00e8ne, film\u00e9e et diffus\u00e9e sur les r\u00e9seaux sociaux, s\u2019est d\u00e9roul\u00e9e apr\u00e8s une manifestation de soutien \u00e0 destination de <a href=\"https:\/\/www.leparisien.fr\/international\/israel\/nous-agissons-conformement-au-droit-international-le-president-israelien-sest-rendu-a-gaza-24-07-2025-N5IJYPECAVGGDH5SYD2NDVH534.php\" target=\"_self\" rel=\"nofollow noopener\">Gaza<\/a>, sur la promenade des Anglais. Et elle est vite devenue virale, suscitant l\u2019indignation de plusieurs personnalit\u00e9s politiques locales comme Philippe Vardon, un conseiller municipal ni\u00e7ois proche de Marion Mar\u00e9chal-Le Pen, et <a href=\"https:\/\/www.leparisien.fr\/politique\/eric-ciotti-et-marine-le-pen-un-an-de-mariage-de-raison-29-06-2025-IXC2BHIS5ZHYDCK4GEPPB3VM6A.php\" target=\"_self\" rel=\"nofollow noopener\">\u00c9ric Ciotti<\/a>. Ce dernier d\u00e9nonce notamment sur X \u00ab d\u2019intol\u00e9rables propos antis\u00e9mites prof\u00e9r\u00e9s par des individus abjects hier \u00e0 Nice \u00bb.<\/p>\n<blockquote class=\"twitter-tweet\">\n<p lang=\"fr\" dir=\"ltr\">\u00ab\u00a0Cours, sale juif ! \u00bb<br \/>Intol\u00e9rables propos antis\u00e9mites prof\u00e9r\u00e9s par des individus abjects hier \u00e0 Nice.<\/p>\n<p>J\u2019adresse tout mon soutien aux victimes de cette agression, ainsi qu\u2019\u00e0 l\u2019ensemble des juifs de France.<\/p>\n<p>L\u2019antis\u00e9mitisme doit \u00eatre combattu \u00e0 Nice comme partout ailleurs ! La\u2026 <a href=\"https:\/\/t.co\/GUcRLUwaOk\" rel=\"nofollow\">pic.twitter.com\/GUcRLUwaOk<\/a><\/p>\n<p>\u2014 Eric Ciotti (@eciotti) <a href=\"https:\/\/twitter.com\/eciotti\/status\/1948286494038229056?ref_src=twsrc%5Etfw\" rel=\"nofollow noopener\" target=\"_blank\">July 24, 2025<\/a><\/p><\/blockquote>\n<p class=\"paragraph text_align_left lp-f-body-02\">La s\u00e9quence vid\u00e9o a \u00e9galement \u00e9t\u00e9 relay\u00e9e par l\u2019\u00e9lue Ensemble pour la R\u00e9publique <a href=\"https:\/\/www.leparisien.fr\/elections\/legislatives\/ils-ont-hurle-degage-sale-sioniste-shannon-seban-candidate-renaissance-aux-legislatives-dans-le-val-de-marne-porte-plainte-24-06-2024-TOKLHLLVAVEBHPAKJGLGTCHA4U.php\" target=\"_self\" rel=\"nofollow noopener\">Shannon Seban<\/a>. \u00ab Les digues ont compl\u00e8tement l\u00e2ch\u00e9. Nous sommes tomb\u00e9s dans un monde parall\u00e8le o\u00f9 chaque jour, la ligne rouge est franchie, puis oubli\u00e9e, puis franchie \u00e0 nouveau, encore plus loin. O\u00f9 les insultes antis\u00e9mites ne choquent plus grand monde \u00bb, affirme-t-elle.<\/p>\n<blockquote class=\"twitter-tweet\">\n<p lang=\"fr\" dir=\"ltr\">\u00ab\u00a0Tu es une merde, t\u2019es juif !\u00a0\u00bb, \u00ab\u00a0Sale juif, sale race !\u00a0\u00bb : ce mercredi 23 juillet, en pleine rue, \u00e0 Nice. Pas dans les ann\u00e9es 1940. En 2025. Pas dans une fiction dystopique. Dans la France d\u2019aujourd\u2019hui.<\/p>\n<p>Les digues ont compl\u00e8tement l\u00e2ch\u00e9. Nous sommes tomb\u00e9s dans un monde\u2026 <a href=\"https:\/\/t.co\/Iza4DodGxr\" rel=\"nofollow\">pic.twitter.com\/Iza4DodGxr<\/a><\/p>\n<p>\u2014 Shannon Seban (@ShannonSeban) <a href=\"https:\/\/twitter.com\/ShannonSeban\/status\/1948283050808250806?ref_src=twsrc%5Etfw\" rel=\"nofollow noopener\" target=\"_blank\">July 24, 2025<\/a><\/p><\/blockquote>\n<p class=\"paragraph text_align_left lp-f-body-02\">Le maire de Nice, <a href=\"https:\/\/www.leparisien.fr\/faits-divers\/pourquoi-christian-estrosi-son-epouse-et-la-patronne-de-france-televisions-delphine-ernotte-ont-ils-ete-places-brievement-en-garde-a-vue-01-07-2025-B5OK4A3ZFJBMJKKFHU5TDCGW7Y.php\" target=\"_self\" rel=\"nofollow noopener\">Christian Estrosi<\/a>, a lui aussi r\u00e9agi en saisissant le procureur de la R\u00e9publique pour des \u00ab faits d\u2019antis\u00e9mitisme et d\u2019homophobie \u00bb. Sur X, il assure que ce \u00ab d\u00e9cha\u00eenement de haine ne restera pas impuni \u00bb et rappelle son souhait de faire \u00ab cesser imm\u00e9diatement les rassemblements autour <a href=\"https:\/\/www.leparisien.fr\/seine-saint-denis-93\/pourquoi-la-chasse-au-drapeau-palestinien-agite-encore-et-toujours-la-seine-saint-denis-27-06-2025-ISPS2Q7KPNGKVCIZAFAJKWBGFA.php\" target=\"_self\" rel=\"nofollow noopener\">du drapeau palestinien<\/a> \u00e0 Nice \u00bb. Cette banni\u00e8re est devenue \u00ab l\u2019\u00e9tendard de l\u2019islamo-fascisme antis\u00e9mite et homophobe \u00bb, estime-t-il.<\/p>\n<p class=\"lp-card-podcast-highlighting__title  lp-f-subtitle-05\">[4\/4] L\u2019attentat du \u00ab\u00a0Rainbow Warrior\u00a0\u00bb\u00a0: un scandale d\u2019\u00c9tat<\/p>\n<p class=\"lp-card-podcast-highlighting__description lp-f-ui-05\">Crime story raconte chaque semaine les grandes affaires criminelles.<\/p>\n<p><a class=\"lp-card-podcast-highlighting__call-to-action\" data-page-type=\"HP\" data-block-name=\"podcast-highlight\">\u00c9couter<\/a>\u00ab Cesser les rassemblements autour du drapeau palestinien \u00e0 Nice \u00bb<\/p>\n<p class=\"paragraph text_align_left lp-f-body-02\">\u00ab Nous allons d\u00e9poser plainte car un antis\u00e9mitisme aussi d\u00e9brid\u00e9, aussi assum\u00e9 est totalement scandaleux \u00bb, a ajout\u00e9 le premier adjoint de la ville de Nice Anthony Borr\u00e9, <a href=\"https:\/\/www.bfmtv.com\/cote-d-azur\/replay-emissions\/bonjour-cote-d-azur\/video-nice-anthony-borre-denonce-des-propos-antisemites-et-homophobes-tenus-en-marge-d-un-rassemblement-pro-palestinien_VN-202507240276.html\" target=\"_self\" rel=\"nofollow noopener\">interrog\u00e9 par BFM-Nice C\u00f4te d\u2019Azur<\/a>. La ville mettra \u00e0 disposition \u00ab les images de vid\u00e9oprotection \u00bb pour retrouver les auteurs des faits.<\/p>\n<p class=\"paragraph text_align_left lp-f-body-02\">Le <a href=\"https:\/\/www.leparisien.fr\/politique\/le-prefet-des-alpes-maritimes-demande-a-christian-estrosi-de-retirer-le-drapeau-israelien-qui-flotte-sur-le-fronton-de-la-mairie-de-nice-16-06-2025-YLDYRG3WGJCF7DHGKXRWPEHQCA.php\" target=\"_self\" rel=\"nofollow noopener\">pr\u00e9fet des Alpes-Maritimes<\/a> a \u00e9galement saisi le procureur de la R\u00e9publique. \u00ab La police nationale est mobilis\u00e9e pour identifier et interpeller l\u2019auteur afin de le remettre \u00e0 la justice. L\u2019\u00c9tat fera toujours preuve de la s\u00e9v\u00e9rit\u00e9 la plus totale face \u00e0 l\u2019antis\u00e9mitisme et \u00e0 toutes les formes de haine \u00bb, indique-t-il sur X.<\/p>\n<blockquote class=\"twitter-tweet\">\n<p lang=\"fr\" dir=\"ltr\">Depuis hier soir, une vid\u00e9o est diffus\u00e9e sur les r\u00e9seaux sociaux dans laquelle un individu prof\u00e8re des insultes et menaces antis\u00e9mites, homophobes et racistes \u00e0 Nice<\/p>\n<p>Je condamne fermement ces actes et j&rsquo;ai saisi le Procureur de la R\u00e9publique au titre de l&rsquo;article 40<\/p>\n<p>La\u2026<\/p>\n<p>\u2014 Pr\u00e9fet des Alpes-Maritimes\ud83c\uddeb\ud83c\uddf7 (@prefet06) <a href=\"https:\/\/twitter.com\/prefet06\/status\/1948314353372983640?ref_src=twsrc%5Etfw\" rel=\"nofollow noopener\" target=\"_blank\">July 24, 2025<\/a><\/p><\/blockquote>\n<p><script async src=\"https:\/\/platform.twitter.com\/widgets.js\" charset=\"utf-8\"><\/script><\/p>\n","protected":false},"excerpt":{"rendered":"\u00ab Cours p\u00e9d\u00e9. Sale juif \u00bb. Le motif de l\u2019altercation survenue \u00e0 Nice mercredi est encore flou, mais&hellip;\n","protected":false},"author":2,"featured_media":271758,"comment_status":"","ping_status":"","sticky":false,"template":"","format":"standard","meta":{"footnotes":""},"categories":[2819],"tags":[1111,11,459,1777,674,118,1011,27,12,2401,882,25],"class_list":{"0":"post-271757","1":"post","2":"type-post","3":"status-publish","4":"format-standard","5":"has-post-thumbnail","7":"category-nice","8":"tag-actu","9":"tag-actualites","10":"tag-departements-horsidfo","11":"tag-eu","12":"tag-europe","13":"tag-faits-divers","14":"tag-fr","15":"tag-france","16":"tag-news","17":"tag-nice","18":"tag-provence-alpes-cote-dazur","19":"tag-republique-francaise"},"share_on_mastodon":{"url":"https:\/\/pubeurope.com\/@fr\/114911363875270705","error":""},"_links":{"self":[{"href":"https:\/\/www.europesays.com\/fr\/wp-json\/wp\/v2\/posts\/271757","targetHints":{"allow":["GET"]}}],"collection":[{"href":"https:\/\/www.europesays.com\/fr\/wp-json\/wp\/v2\/posts"}],"about":[{"href":"https:\/\/www.europesays.com\/fr\/wp-json\/wp\/v2\/types\/post"}],"author":[{"embeddable":true,"href":"https:\/\/www.europesays.com\/fr\/wp-json\/wp\/v2\/users\/2"}],"replies":[{"embeddable":true,"href":"https:\/\/www.europesays.com\/fr\/wp-json\/wp\/v2\/comments?post=271757"}],"version-history":[{"count":0,"href":"https:\/\/www.europesays.com\/fr\/wp-json\/wp\/v2\/posts\/271757\/revisions"}],"wp:featuredmedia":[{"embeddable":true,"href":"https:\/\/www.europesays.com\/fr\/wp-json\/wp\/v2\/media\/271758"}],"wp:attachment":[{"href":"https:\/\/www.europesays.com\/fr\/wp-json\/wp\/v2\/media?parent=271757"}],"wp:term":[{"taxonomy":"category","embeddable":true,"href":"https:\/\/www.europesays.com\/fr\/wp-json\/wp\/v2\/categories?post=271757"},{"taxonomy":"post_tag","embeddable":true,"href":"https:\/\/www.europesays.com\/fr\/wp-json\/wp\/v2\/tags?post=271757"}],"curies":[{"name":"wp","href":"https:\/\/api.w.org\/{rel}","templated":true}]}}