{"id":271759,"date":"2025-07-25T01:51:21","date_gmt":"2025-07-25T01:51:21","guid":{"rendered":"https:\/\/www.europesays.com\/fr\/271759\/"},"modified":"2025-07-25T01:51:21","modified_gmt":"2025-07-25T01:51:21","slug":"un-homme-soupconne-davoir-commis-plusieurs-cambriolages-a-ete-interpelle-a-nantes","status":"publish","type":"post","link":"https:\/\/www.europesays.com\/fr\/271759\/","title":{"rendered":"Un homme soup\u00e7onn\u00e9 d\u2019avoir commis plusieurs cambriolages a \u00e9t\u00e9 interpell\u00e9 \u00e0 Nantes"},"content":{"rendered":"<tr wp_automatic_readability=\"2.9262295081967\">\n<td valign=\"middle\" align=\"center\" class=\"col-logo\">\n    <img decoding=\"async\" src=\"https:\/\/www.europesays.com\/fr\/wp-content\/uploads\/2025\/04\/presse-ocean.gif\" alt=\"logo Presse-Oc\u00e9an\" height=\"66\"\/><\/p>\n<\/td>\n<td class=\"col-titre\">\n\t\t\tJeudi 24 juillet 2025 17:28<br \/>\n\t\t\t<a class=\"icon-bulle sizeL count\" href=\"#ancreAvis\"><br \/>\n\t&#8230;<br \/>\n<\/a><\/td>\n<\/tr>\n<p>\t\t<a class=\"mavillebox2 elmt-photo\" href=\"https:\/\/maville.com\/photosmvi\/2025\/07\/24\/P35372746D6912406G.jpg\" title=\" Le suspect se trouve en garde \u00e0 vue ce jeudi au commissariat central de Nantes.  \u00a9  Photo illustration Presse Oc\u00e9an Nathalie Bourreau  &lt;!--TAG-BLC credit--&gt;\" rel=\"galerie_actu nofollow noopener\" target=\"_blank\"><br \/>\n\t<img decoding=\"async\" src=\"https:\/\/www.europesays.com\/fr\/wp-content\/uploads\/2025\/07\/P35372746D6912406G_crop_640-330_.jpg\" alt=\"photo  le suspect se trouve en garde \u00e0 vue ce jeudi au commissariat central de nantes.  \u00a9  photo illustration presse oc\u00e9an nathalie bourreau \"\/><br \/>\n\t1<br \/>\n<\/a><\/p>\n<p class=\"elmt-legende\"> Le suspect se trouve en garde \u00e0 vue ce jeudi au commissariat central de Nantes.  \u00a9  Photo illustration Presse Oc\u00e9an Nathalie Bourreau  <\/p>\n<p>\t\tUn homme de 40\u00a0ans, d\u00e9j\u00e0 condamn\u00e9 \u00e0 de tr\u00e8s nombreuses reprises, sera jug\u00e9 devant le tribunal correctionnel de Nantes, apr\u00e8s une s\u00e9rie de cambriolages. Avant cela, un expert psychiatre viendra le rencontrer.<\/p>\n<p><b>Cet article est r\u00e9serv\u00e9 aux abonn\u00e9s<\/b><\/p>\n<p>Pour un acc\u00e8s imm\u00e9diat, abonnez-vous<\/p>\n<p><b>1\u00e8re semaine offerte<\/b><\/p>\n<p>\t\t Presse Oc\u00e9an \u00a0\u00a0<br \/>\n\t\tPresse-Oc\u00e9an<\/p>\n<p>Retrouvez d&rsquo;autres actus sur la commune de :<\/p>\n<p>\t\t&#13;<\/p>\n","protected":false},"excerpt":{"rendered":"Jeudi 24 juillet 2025 17:28 &#8230; 1 Le suspect se trouve en garde \u00e0 vue ce jeudi au&hellip;\n","protected":false},"author":2,"featured_media":271760,"comment_status":"","ping_status":"","sticky":false,"template":"","format":"standard","meta":{"footnotes":""},"categories":[2818],"tags":[1111,11,9462,41130,2883,1777,674,1011,27,4933,9817,766,12,2636,25,37462],"class_list":{"0":"post-271759","1":"post","2":"type-post","3":"status-publish","4":"format-standard","5":"has-post-thumbnail","7":"category-nantes","8":"tag-actu","9":"tag-actualites","10":"tag-cambriolages","11":"tag-commis","12":"tag-ete","13":"tag-eu","14":"tag-europe","15":"tag-fr","16":"tag-france","17":"tag-homme","18":"tag-interpelle","19":"tag-nantes","20":"tag-news","21":"tag-pays-de-la-loire","22":"tag-republique-francaise","23":"tag-soupconne"},"share_on_mastodon":{"url":"https:\/\/pubeurope.com\/@fr\/114911372124091493","error":""},"_links":{"self":[{"href":"https:\/\/www.europesays.com\/fr\/wp-json\/wp\/v2\/posts\/271759","targetHints":{"allow":["GET"]}}],"collection":[{"href":"https:\/\/www.europesays.com\/fr\/wp-json\/wp\/v2\/posts"}],"about":[{"href":"https:\/\/www.europesays.com\/fr\/wp-json\/wp\/v2\/types\/post"}],"author":[{"embeddable":true,"href":"https:\/\/www.europesays.com\/fr\/wp-json\/wp\/v2\/users\/2"}],"replies":[{"embeddable":true,"href":"https:\/\/www.europesays.com\/fr\/wp-json\/wp\/v2\/comments?post=271759"}],"version-history":[{"count":0,"href":"https:\/\/www.europesays.com\/fr\/wp-json\/wp\/v2\/posts\/271759\/revisions"}],"wp:featuredmedia":[{"embeddable":true,"href":"https:\/\/www.europesays.com\/fr\/wp-json\/wp\/v2\/media\/271760"}],"wp:attachment":[{"href":"https:\/\/www.europesays.com\/fr\/wp-json\/wp\/v2\/media?parent=271759"}],"wp:term":[{"taxonomy":"category","embeddable":true,"href":"https:\/\/www.europesays.com\/fr\/wp-json\/wp\/v2\/categories?post=271759"},{"taxonomy":"post_tag","embeddable":true,"href":"https:\/\/www.europesays.com\/fr\/wp-json\/wp\/v2\/tags?post=271759"}],"curies":[{"name":"wp","href":"https:\/\/api.w.org\/{rel}","templated":true}]}}