{"id":27176,"date":"2025-04-15T18:21:11","date_gmt":"2025-04-15T18:21:11","guid":{"rendered":"https:\/\/www.europesays.com\/fr\/27176\/"},"modified":"2025-04-15T18:21:11","modified_gmt":"2025-04-15T18:21:11","slug":"archie-et-lilibet-malades-dans-le-dos-meghan-markle-devoile-ses-difficultes-avec-ses-enfants","status":"publish","type":"post","link":"https:\/\/www.europesays.com\/fr\/27176\/","title":{"rendered":"Archie et Lilibet malades : \u00ab\u00a0Dans le dos\u00a0\u00bb, Meghan Markle d\u00e9voile ses difficult\u00e9s avec ses enfants"},"content":{"rendered":"<p>Apr\u00e8s le succ\u00e8s de sa s\u00e9rie baptis\u00e9e With Love, Meghan<br \/>\net diffus\u00e9e sur Netflix, Meghan Markle a cr\u00e9\u00e9 le podcast<br \/>\nConfessions of A Female Founder. Celle qui partage la vie<br \/>\ndu prince Harry donne la parole \u00e0 des femmes influentes. Ce mardi<br \/>\n15 avril, \u00e0 l\u2019occasion d\u2019un nouvel \u00e9pisode, elle recevait Reshma<br \/>\nSaujani, fondatrice des associations \u00e0 but non lucratif Girls Who<br \/>\nCode et Moms First.<\/p>\n<p>Meghan Markle s\u2019est alors confi\u00e9e sur sa vie de maman. Elle a<br \/>\nnotamment donn\u00e9 des nouvelles de ses deux bouts de choux, <a href=\"https:\/\/www.closermag.fr\/royautes\/meghan-markle-ladorable-incursion-darchie-dans-sa-derniere-video-tres-chill-3522423\" target=\"_blank\" rel=\"noopener\"><br \/>\nArchie<\/a>, 5 ans, et <a href=\"https:\/\/www.closermag.fr\/royautes\/meghan-markle-deballage-de-cadeau-dans-une-nouvelle-video-avec-lilibet-pour-montrer-ce-quharry-a-rapporte-dukraine-3536519\" target=\"_blank\" rel=\"noopener\"><br \/>\nLilibet<\/a>, 3 ans, qui ne sont <strong>pas \u00e9pargn\u00e9s par les<br \/>\nvirus<\/strong> en ce moment. En effet, les enfants de la duchesse<br \/>\nde Sussex n\u2019ont pas trouv\u00e9 mieux que de tomber malade en m\u00eame<br \/>\ntemps, au grand dam de leur c\u00e9l\u00e8bre maman\u00a0!<\/p>\n<p>Archie et Lilibet malades : \u00ab\u00a0L&rsquo;un a le VRS, l&rsquo;autre la grippe<br \/>\nA\u00a0\u00bb<\/p>\n<p>Si l\u2019hiver est pass\u00e9 et que le printemps s\u2019est install\u00e9, les<br \/>\nvirus n\u2019ont pas totalement disparu. En Californie, les temp\u00e9ratures<br \/>\ncl\u00e9mentes n\u2019ont pas pour autant permis \u00e0 Archie et Lilibet de se<br \/>\npr\u00e9munir des maladies. Au contraire, les virus ont bel et bien<br \/>\n<strong>envahi la maison de Meghan et Harry<\/strong>. \u00ab\u00a0Mes<br \/>\nenfants sont malades en ce moment. <strong>L&rsquo;un a le VRS (un virus<br \/>\nrespiratoire), l&rsquo;autre la grippe A<\/strong>\u00ab\u00a0, a annonc\u00e9<br \/>\nl\u2019ex-h\u00e9ro\u00efne de la s\u00e9rie Suits dans son podcast.<\/p>\n<p>Et pour gu\u00e9rir ses deux bambins, Meghan Markle a un rem\u00e8de<br \/>\ninfaillible : \u00ab\u00a0du sirop contre la toux toute la nuit et<br \/>\n<strong>des petites caresses r\u00e9confortantes dans le<br \/>\ndos<\/strong>\u00ab\u00a0, a-t-elle confi\u00e9 au m\u00e9dia britannique<br \/>\nHello.<\/p>\n<p>Archie et Lilibet malades : Meghan<br \/>\nMarkle en maman poule\u00a0?<\/p>\n<p>Ce n\u2019est pas la premi\u00e8re fois que Meghan Markle se livre sur les<br \/>\nennuis de sant\u00e9 de ses enfants. Le mois dernier, dans une interview<br \/>\naccord\u00e9e au magazine People, elle avait r\u00e9v\u00e9l\u00e9 qu\u2019Archie<br \/>\net Lilibet avaient \u00e9t\u00e9 malades lorsqu\u2019elle se trouvait \u00e0 Vancouver<br \/>\npour les Invictus Games en compagnie de son \u00e9poux.<\/p>\n<p>Si elle s\u2019est assur\u00e9e dans un premier temps qu\u2019ils \u00e9taient bien<br \/>\nentour\u00e9s, confi\u00e9s \u00e0 sa m\u00e8re Doria Ragland, l\u2019ex-actrice avait<br \/>\nfinalement pris la d\u00e9cision de <strong>bouleverser son<br \/>\nplanning<\/strong> et de rentrer chez elle afin de pouvoir s\u2019occuper<br \/>\nd\u2019eux en personne. La duchesse de Sussex avait en effet assur\u00e9 le<br \/>\nd\u00e9marrage des jeux aux c\u00f4t\u00e9s du prince Harry avant de prendre<br \/>\n<a href=\"https:\/\/www.closermag.fr\/royautes\/meghan-markle-ce-faux-pas-a-30-000-dollars-lui-sera-t-il-pardonne-3519304\" target=\"_blank\" rel=\"noopener\"><br \/>\nun avion priv\u00e9<\/a> en direction de Montecito. Assur\u00e9ment, Meghan<br \/>\nMarkle fait de ses enfants sa priorit\u00e9\u00a0!<\/p>\n","protected":false},"excerpt":{"rendered":"Apr\u00e8s le succ\u00e8s de sa s\u00e9rie baptis\u00e9e With Love, Meghan et diffus\u00e9e sur Netflix, Meghan Markle a cr\u00e9\u00e9&hellip;\n","protected":false},"author":2,"featured_media":27177,"comment_status":"","ping_status":"","sticky":false,"template":"","format":"standard","meta":{"footnotes":""},"categories":[1359],"tags":[548,58,1719,59,1011,27,908,973,5336],"class_list":{"0":"post-27176","1":"post","2":"type-post","3":"status-publish","4":"format-standard","5":"has-post-thumbnail","7":"category-people","8":"tag-article-simple","9":"tag-divertissement","10":"tag-enfants","11":"tag-entertainment","12":"tag-fr","13":"tag-france","14":"tag-meghan-markle","15":"tag-people","16":"tag-virus"},"share_on_mastodon":{"url":"https:\/\/pubeurope.com\/@fr\/114343371649640327","error":""},"_links":{"self":[{"href":"https:\/\/www.europesays.com\/fr\/wp-json\/wp\/v2\/posts\/27176","targetHints":{"allow":["GET"]}}],"collection":[{"href":"https:\/\/www.europesays.com\/fr\/wp-json\/wp\/v2\/posts"}],"about":[{"href":"https:\/\/www.europesays.com\/fr\/wp-json\/wp\/v2\/types\/post"}],"author":[{"embeddable":true,"href":"https:\/\/www.europesays.com\/fr\/wp-json\/wp\/v2\/users\/2"}],"replies":[{"embeddable":true,"href":"https:\/\/www.europesays.com\/fr\/wp-json\/wp\/v2\/comments?post=27176"}],"version-history":[{"count":0,"href":"https:\/\/www.europesays.com\/fr\/wp-json\/wp\/v2\/posts\/27176\/revisions"}],"wp:featuredmedia":[{"embeddable":true,"href":"https:\/\/www.europesays.com\/fr\/wp-json\/wp\/v2\/media\/27177"}],"wp:attachment":[{"href":"https:\/\/www.europesays.com\/fr\/wp-json\/wp\/v2\/media?parent=27176"}],"wp:term":[{"taxonomy":"category","embeddable":true,"href":"https:\/\/www.europesays.com\/fr\/wp-json\/wp\/v2\/categories?post=27176"},{"taxonomy":"post_tag","embeddable":true,"href":"https:\/\/www.europesays.com\/fr\/wp-json\/wp\/v2\/tags?post=27176"}],"curies":[{"name":"wp","href":"https:\/\/api.w.org\/{rel}","templated":true}]}}