{"id":271772,"date":"2025-07-25T01:58:16","date_gmt":"2025-07-25T01:58:16","guid":{"rendered":"https:\/\/www.europesays.com\/fr\/271772\/"},"modified":"2025-07-25T01:58:16","modified_gmt":"2025-07-25T01:58:16","slug":"manon-mazzoli-elue-presidente-de-lunion-des-jeunes-avocats-de-marseille","status":"publish","type":"post","link":"https:\/\/www.europesays.com\/fr\/271772\/","title":{"rendered":"Manon Mazzoli \u00e9lue pr\u00e9sidente de l\u2019Union des Jeunes Avocats de Marseille"},"content":{"rendered":"<p>                    <img loading=\"lazy\" decoding=\"async\" src=\"https:\/\/www.europesays.com\/fr\/wp-content\/uploads\/2025\/07\/5db709a8f20aa57f50a7933fa46c23.jpg\" class=\"img-responsive post-image\" width=\"680\" height=\"510\" alt=\"Manon Mazzoli \u00e9lue pr\u00e9sid\" title=\"Manon Mazzoli \u00e9lue pr\u00e9sidente de l'Union des Jeunes Avocats de Marseille\"\/><\/p>\n<p class=\"chapo\">L\u2019Union des Jeunes Avocats (UJA) de Marseille a tourn\u00e9 une nouvelle page de son histoire d\u00e9but juillet lors de son Assembl\u00e9e G\u00e9n\u00e9rale annuelle. \u00c0 cette occasion, les membres ont salu\u00e9 la fin du mandat de Me Kevin Lefebvre-Goirand, pr\u00e9sident sortant, et \u00e9lu \u00e0 l\u2019unanimit\u00e9 Me Manon Mazzoli \u00e0 la t\u00eate du syndicat pour l\u2019ann\u00e9e \u00e0 venir.<\/p>\n<p>Figure engag\u00e9e du barreau marseillais, Manon Mazzoli succ\u00e8de \u00e0 un mandat marqu\u00e9 par l\u2019implication constante de Me Lefebvre-Goirand, dont l\u2019action a contribu\u00e9 au rayonnement de l\u2019UJA et au renforcement de la coh\u00e9sion entre jeunes avocats. L\u2019ensemble des membres a tenu \u00e0 lui t\u00e9moigner sa reconnaissance pour son travail rigoureux et son d\u00e9vouement tout au long de son mandat.<br class=\"texte\"\/><br \/>\nAux c\u00f4t\u00e9s de la nouvelle pr\u00e9sidente, Me H\u00e9l\u00e8ne Blachon a \u00e9t\u00e9 \u00e9lue vice-pr\u00e9sidente. Le bureau se renforce \u00e9galement avec l\u2019arriv\u00e9e de\u00a0:<br class=\"autobr\"\/><br \/>\n<strong>Anthony Jebrayel<\/strong>, tr\u00e9sorier<br class=\"autobr\"\/><br \/>\n<strong>Nour Boustani,<\/strong> secr\u00e9taire g\u00e9n\u00e9rale<br class=\"autobr\"\/><br \/>\n<strong>Marion Montagono,<\/strong> secr\u00e9taire g\u00e9n\u00e9rale adjointe<br class=\"autobr\"\/><br \/>\nEt un collectif de d\u00e9l\u00e9gu\u00e9s ad hoc\u00a0: <strong>Justine Conte, Thomas Mineo, Cl\u00e9mence Hennebelle, Emilien Goguel-Mazet, Yorick N\u2019dong M\u2019beng, Myriam Raies Jannene, Hugo Besson, Max Vericel, et Eva Karadaniz.<\/strong><br class=\"autobr\"\/><br \/>\nLe nouveau bureau s\u2019est engag\u00e9 \u00e0 poursuivre les actions men\u00e9es en faveur de la profession, avec une attention particuli\u00e8re port\u00e9e \u00e0 la formation, la solidarit\u00e9 et la d\u00e9fense des int\u00e9r\u00eats des jeunes avocats du barreau de Marseille.<\/p>\n<p>Cette passation de pouvoir s\u2019inscrit dans une volont\u00e9 de continuit\u00e9 et de renouvellement, gage de vitalit\u00e9 pour l\u2019UJA Marseille.<\/p>\n<p>Photo de Une\u00a0: \u00a9UJA Marseille sur LINKEDIN<\/p>\n","protected":false},"excerpt":{"rendered":"L\u2019Union des Jeunes Avocats (UJA) de Marseille a tourn\u00e9 une nouvelle page de son histoire d\u00e9but juillet lors&hellip;\n","protected":false},"author":2,"featured_media":271773,"comment_status":"","ping_status":"","sticky":false,"template":"","format":"standard","meta":{"footnotes":""},"categories":[2814],"tags":[1111,11,2408,1777,674,1011,27,884,12,882,25],"class_list":{"0":"post-271772","1":"post","2":"type-post","3":"status-publish","4":"format-standard","5":"has-post-thumbnail","7":"category-marseille","8":"tag-actu","9":"tag-actualites","10":"tag-appels-d","11":"tag-eu","12":"tag-europe","13":"tag-fr","14":"tag-france","15":"tag-marseille","16":"tag-news","17":"tag-provence-alpes-cote-dazur","18":"tag-republique-francaise"},"share_on_mastodon":{"url":"https:\/\/pubeurope.com\/@fr\/114911399323777898","error":""},"_links":{"self":[{"href":"https:\/\/www.europesays.com\/fr\/wp-json\/wp\/v2\/posts\/271772","targetHints":{"allow":["GET"]}}],"collection":[{"href":"https:\/\/www.europesays.com\/fr\/wp-json\/wp\/v2\/posts"}],"about":[{"href":"https:\/\/www.europesays.com\/fr\/wp-json\/wp\/v2\/types\/post"}],"author":[{"embeddable":true,"href":"https:\/\/www.europesays.com\/fr\/wp-json\/wp\/v2\/users\/2"}],"replies":[{"embeddable":true,"href":"https:\/\/www.europesays.com\/fr\/wp-json\/wp\/v2\/comments?post=271772"}],"version-history":[{"count":0,"href":"https:\/\/www.europesays.com\/fr\/wp-json\/wp\/v2\/posts\/271772\/revisions"}],"wp:featuredmedia":[{"embeddable":true,"href":"https:\/\/www.europesays.com\/fr\/wp-json\/wp\/v2\/media\/271773"}],"wp:attachment":[{"href":"https:\/\/www.europesays.com\/fr\/wp-json\/wp\/v2\/media?parent=271772"}],"wp:term":[{"taxonomy":"category","embeddable":true,"href":"https:\/\/www.europesays.com\/fr\/wp-json\/wp\/v2\/categories?post=271772"},{"taxonomy":"post_tag","embeddable":true,"href":"https:\/\/www.europesays.com\/fr\/wp-json\/wp\/v2\/tags?post=271772"}],"curies":[{"name":"wp","href":"https:\/\/api.w.org\/{rel}","templated":true}]}}