{"id":271778,"date":"2025-07-25T02:01:18","date_gmt":"2025-07-25T02:01:18","guid":{"rendered":"https:\/\/www.europesays.com\/fr\/271778\/"},"modified":"2025-07-25T02:01:18","modified_gmt":"2025-07-25T02:01:18","slug":"metropole-de-lyon-le-metro-c-sera-totalement-interrompu-du-4-au-17-aout","status":"publish","type":"post","link":"https:\/\/www.europesays.com\/fr\/271778\/","title":{"rendered":"M\u00e9tropole de Lyon. Le m\u00e9tro C\u00a0sera totalement interrompu du 4 au 17\u00a0ao\u00fbt"},"content":{"rendered":"<p>La ligne C du m\u00e9tro sera enti\u00e8rement \u00e0 l\u2019arr\u00eat entre H\u00f4tel de Ville et Cuire du 4 au 17\u00a0ao\u00fbt inclus. En cause\u00a0: des travaux de modernisation de l\u2019alimentation \u00e9lectrique, r\u00e9alis\u00e9s pendant l\u2019\u00e9t\u00e9 pour limiter la g\u00eane sur un tron\u00e7on embl\u00e9matique du r\u00e9seau, <a href=\"https:\/\/www.leprogres.fr\/societe\/2024\/12\/04\/le-metro-c-fete-ses-50-ans-l-emblematique-ligne-a-cremaillere-trace-son-chemin-vers-la-modernite\" target=\"_blank\" rel=\"noopener\">\u00e9quip\u00e9 d\u2019une cr\u00e9maill\u00e8re unique au monde<\/a>. Pour compenser cette interruption, la ligne de bus C13 sera renforc\u00e9e entre les arr\u00eats Terreaux-Tobie Robatel et Cuire. Un bus circulera toutes les 7 \u00e0 20 minutes en semaine, toutes les 10 \u00e0 18 minutes le samedi et toutes les 10 \u00e0 15 minutes le dimanche. \u25b6 \u2002 Depuis Cuire\u00a0: premier d\u00e9part \u00e0 5\u00a0h\u00a028 du lundi au vendredi, 5\u00a0h\u00a044 le samedi et 6\u00a0h\u00a023 le dimanche\u00a0; pour le retour, dernier d\u00e9part \u00e0 00\u00a0h\u00a029 du lundi au vendredi et 00\u00a0h\u00a028 le week-end. \u25b6 \u2002 Depuis Terreaux-Tobie Robatel\u00a0: premier d\u00e9part \u00e0 5\u00a0h\u00a007 du lundi au samedi et 6\u00a0h\u00a018 le dimanche\u00a0; pour le retour, dernier d\u00e9part \u00e0 00\u00a0h\u00a002 toute la semaine.<\/p>\n","protected":false},"excerpt":{"rendered":"La ligne C du m\u00e9tro sera enti\u00e8rement \u00e0 l\u2019arr\u00eat entre H\u00f4tel de Ville et Cuire du 4 au&hellip;\n","protected":false},"author":2,"featured_media":271779,"comment_status":"","ping_status":"","sticky":false,"template":"","format":"standard","meta":{"footnotes":""},"categories":[1889],"tags":[1111,11,2430,4749,33,1777,674,1011,27,2428,12,25,2803],"class_list":{"0":"post-271778","1":"post","2":"type-post","3":"status-publish","4":"format-standard","5":"has-post-thumbnail","7":"category-lyon","8":"tag-actu","9":"tag-actualites","10":"tag-auvergne-rhone-alpes","11":"tag-btp-et-chantiers","12":"tag-economie","13":"tag-eu","14":"tag-europe","15":"tag-fr","16":"tag-france","17":"tag-lyon","18":"tag-news","19":"tag-republique-francaise","20":"tag-transport"},"share_on_mastodon":{"url":"https:\/\/pubeurope.com\/@fr\/114911411073503251","error":""},"_links":{"self":[{"href":"https:\/\/www.europesays.com\/fr\/wp-json\/wp\/v2\/posts\/271778","targetHints":{"allow":["GET"]}}],"collection":[{"href":"https:\/\/www.europesays.com\/fr\/wp-json\/wp\/v2\/posts"}],"about":[{"href":"https:\/\/www.europesays.com\/fr\/wp-json\/wp\/v2\/types\/post"}],"author":[{"embeddable":true,"href":"https:\/\/www.europesays.com\/fr\/wp-json\/wp\/v2\/users\/2"}],"replies":[{"embeddable":true,"href":"https:\/\/www.europesays.com\/fr\/wp-json\/wp\/v2\/comments?post=271778"}],"version-history":[{"count":0,"href":"https:\/\/www.europesays.com\/fr\/wp-json\/wp\/v2\/posts\/271778\/revisions"}],"wp:featuredmedia":[{"embeddable":true,"href":"https:\/\/www.europesays.com\/fr\/wp-json\/wp\/v2\/media\/271779"}],"wp:attachment":[{"href":"https:\/\/www.europesays.com\/fr\/wp-json\/wp\/v2\/media?parent=271778"}],"wp:term":[{"taxonomy":"category","embeddable":true,"href":"https:\/\/www.europesays.com\/fr\/wp-json\/wp\/v2\/categories?post=271778"},{"taxonomy":"post_tag","embeddable":true,"href":"https:\/\/www.europesays.com\/fr\/wp-json\/wp\/v2\/tags?post=271778"}],"curies":[{"name":"wp","href":"https:\/\/api.w.org\/{rel}","templated":true}]}}