{"id":271788,"date":"2025-07-25T02:08:14","date_gmt":"2025-07-25T02:08:14","guid":{"rendered":"https:\/\/www.europesays.com\/fr\/271788\/"},"modified":"2025-07-25T02:08:14","modified_gmt":"2025-07-25T02:08:14","slug":"ukraine-evacuation-des-familles-ordonnee-pres-du-front-est","status":"publish","type":"post","link":"https:\/\/www.europesays.com\/fr\/271788\/","title":{"rendered":"Ukraine: \u00c9vacuation des familles ordonn\u00e9e pr\u00e8s du front est"},"content":{"rendered":"<p>Le Kremlin a dit s\u2019attendre \u00e0 \u00abune discussions tr\u00e8s compliqu\u00e9e\u00bb avec Kiev lors des n\u00e9gociations de paix pr\u00e9vues mercredi soir \u00e0 Istanbul, \u00e9loignant \u00e0 nouveau la possibilit\u00e9 d\u2019avanc\u00e9es diplomatiques rapides pour mettre fin \u00e0 la guerre.<\/p>\n<p><img loading=\"lazy\" decoding=\"async\" src=\"https:\/\/www.europesays.com\/fr\/wp-content\/uploads\/2025\/07\/d7e2871d-ef93-4892-95e1-112376cd70d8.avif\" alt=\"Le porte-parole de la pr\u00e9sidence russe, Dmitri Peskov (image d'archives).\" title=\"Le porte-parole de la pr\u00e9sidence russe, Dmitri Peskov (image d'archives).\"  width=\"1024\" height=\"662\"\/><\/p>\n<p>Le porte-parole de la pr\u00e9sidence russe, Dmitri Peskov (image d&rsquo;archives).<\/p>\n<p>AFP<\/p>\n<p>\u00abPersonne ne s\u2019attend \u00e0 un chemin facile. Bien entendu, ce sera une discussion tr\u00e8s compliqu\u00e9e\u00bb, a d\u00e9clar\u00e9 \u00e0 la presse le porte-parole de la pr\u00e9sidence russe, Dmitri Peskov, en r\u00e9p\u00e9tant que les propositions respectives des bellig\u00e9rants pour arr\u00eater le conflit \u00e9taient \u00abdiam\u00e9tralement oppos\u00e9es\u00bb.<\/p>\n<p>Cette troisi\u00e8me session d\u2019\u00e9changes directs \u00e0 Istanbul qui doit commencer autour de 19h00 locales (18h00 en Suisse), selon un responsable du minist\u00e8re turc des Affaires \u00e9trang\u00e8res, intervient, une nouvelle fois, sous la pression du pr\u00e9sident am\u00e9ricain Donald Trump qui a donn\u00e9 \u00e0 Moscou, mi-juillet, 50 jours pour parvenir \u00e0 un accord avec Kiev, sous peine de sanctions s\u00e9v\u00e8res.<\/p>\n<p>Kiev et ses alli\u00e9s occidentaux accusent le Kremlin de bloquer les n\u00e9gociations en maintenant des demandes maximalistes, alors que l\u2019arm\u00e9e russe, plus nombreuse et mieux \u00e9quip\u00e9e, poursuit ses bombardements et ses attaques sur le front, o\u00f9 elle grignote toujours du terrain.<\/p>\n","protected":false},"excerpt":{"rendered":"Le Kremlin a dit s\u2019attendre \u00e0 \u00abune discussions tr\u00e8s compliqu\u00e9e\u00bb avec Kiev lors des n\u00e9gociations de paix pr\u00e9vues&hellip;\n","protected":false},"author":2,"featured_media":271789,"comment_status":"","ping_status":"","sticky":false,"template":"","format":"standard","meta":{"footnotes":""},"categories":[1591],"tags":[11,1887,12,1885,1886,132],"class_list":{"0":"post-271788","1":"post","2":"type-post","3":"status-publish","4":"format-standard","5":"has-post-thumbnail","7":"category-russie","8":"tag-actualites","9":"tag-federation-de-russie","10":"tag-news","11":"tag-russia","12":"tag-russian-federation","13":"tag-russie"},"share_on_mastodon":{"url":"https:\/\/pubeurope.com\/@fr\/114911438639113699","error":""},"_links":{"self":[{"href":"https:\/\/www.europesays.com\/fr\/wp-json\/wp\/v2\/posts\/271788","targetHints":{"allow":["GET"]}}],"collection":[{"href":"https:\/\/www.europesays.com\/fr\/wp-json\/wp\/v2\/posts"}],"about":[{"href":"https:\/\/www.europesays.com\/fr\/wp-json\/wp\/v2\/types\/post"}],"author":[{"embeddable":true,"href":"https:\/\/www.europesays.com\/fr\/wp-json\/wp\/v2\/users\/2"}],"replies":[{"embeddable":true,"href":"https:\/\/www.europesays.com\/fr\/wp-json\/wp\/v2\/comments?post=271788"}],"version-history":[{"count":0,"href":"https:\/\/www.europesays.com\/fr\/wp-json\/wp\/v2\/posts\/271788\/revisions"}],"wp:featuredmedia":[{"embeddable":true,"href":"https:\/\/www.europesays.com\/fr\/wp-json\/wp\/v2\/media\/271789"}],"wp:attachment":[{"href":"https:\/\/www.europesays.com\/fr\/wp-json\/wp\/v2\/media?parent=271788"}],"wp:term":[{"taxonomy":"category","embeddable":true,"href":"https:\/\/www.europesays.com\/fr\/wp-json\/wp\/v2\/categories?post=271788"},{"taxonomy":"post_tag","embeddable":true,"href":"https:\/\/www.europesays.com\/fr\/wp-json\/wp\/v2\/tags?post=271788"}],"curies":[{"name":"wp","href":"https:\/\/api.w.org\/{rel}","templated":true}]}}