{"id":271792,"date":"2025-07-25T02:10:21","date_gmt":"2025-07-25T02:10:21","guid":{"rendered":"https:\/\/www.europesays.com\/fr\/271792\/"},"modified":"2025-07-25T02:10:21","modified_gmt":"2025-07-25T02:10:21","slug":"usa-trump-au-siege-de-la-fed-dit-quil-ne-limogera-pas-powell-25-07-2025-a-0004","status":"publish","type":"post","link":"https:\/\/www.europesays.com\/fr\/271792\/","title":{"rendered":"USA-Trump au si\u00e8ge de la Fed, dit qu&rsquo;il ne limogera pas Powell &#8211; 25\/07\/2025 \u00e0 00:04"},"content":{"rendered":"<p>\n par Ann Saphir\n<\/p>\n<p>\n Le pr\u00e9sident am\u00e9ricain Donald<br \/>\nTrump a d\u00e9clar\u00e9 jeudi qu&rsquo;il ne limogerait pas le pr\u00e9sident de la<br \/>\nR\u00e9serve f\u00e9d\u00e9rale Jerome Powell, apr\u00e8s une visite au si\u00e8ge de la<br \/>\nbanque centrale am\u00e9ricaine.\n<\/p>\n<p>\n La rare visite pr\u00e9sidentielle \u00e0 la Fed a eu lieu moins d&rsquo;une<br \/>\nsemaine avant que les d\u00e9cideurs de la banque centrale ne se<br \/>\nr\u00e9unissent pour une r\u00e9union de deux jours au cours de laquelle<br \/>\nil est largement attendu qu&rsquo;ils laissent le taux d&rsquo;int\u00e9r\u00eat de<br \/>\nr\u00e9f\u00e9rence de la banque centrale am\u00e9ricaine dans une fourchette<br \/>\nde 4,25% \u00e0 4,50%.\n<\/p>\n<p>\n Donald Trump a exig\u00e9 \u00e0 plusieurs reprises que Jerome Powell<br \/>\nbaisse les taux d&rsquo;int\u00e9r\u00eat et a fr\u00e9quemment \u00e9voqu\u00e9 la possibilit\u00e9<br \/>\nde le limoger.\n<\/p>\n<p>\n Il a toutefois indiqu\u00e9 jeudi que, bien qu&rsquo;il souhaite<br \/>\ntoujours voir les taux d&rsquo;int\u00e9r\u00eats baisser, il ne comptait pas<br \/>\nlimoger le pr\u00e9sident de la Fed.\n<\/p>\n<p>\n \u00ab\u00a0Cela serait une importante d\u00e9cision et je ne pense pas que<br \/>\nce soit n\u00e9cessaire\u00a0\u00bb, a dit le locataire de la Maison blanche aux<br \/>\njournalistes apr\u00e8s sa visite au si\u00e8ge de l&rsquo;institution.\n<\/p>\n<p>\n \u00ab\u00a0J&rsquo;aimerais qu&rsquo;il baisse les taux d&rsquo;int\u00e9r\u00eat\u00a0\u00bb, a-t-il ajout\u00e9.\n<\/p>\n<p>\n Jerome Powell a initialement \u00e9t\u00e9 nomm\u00e9 \u00e0 la t\u00eate de la Fed<br \/>\npar Donald Trump lors de son premier mandat, puis reconduit dans<br \/>\nces fonctions par l&rsquo;ancien pr\u00e9sident Joe Biden. Son mandat<br \/>\nactuel doit s&rsquo;achever le 15 mai 2026.\n<\/p>\n<p>\n (Avec Bo Erickson, David Lawder, David Morgan; version<br \/>\nfran\u00e7aise Camille Raynaud)<\/p>\n","protected":false},"excerpt":{"rendered":"par Ann Saphir Le pr\u00e9sident am\u00e9ricain Donald Trump a d\u00e9clar\u00e9 jeudi qu&rsquo;il ne limogerait pas le pr\u00e9sident de&hellip;\n","protected":false},"author":2,"featured_media":2486,"comment_status":"","ping_status":"","sticky":false,"template":"","format":"standard","meta":{"footnotes":""},"categories":[1589],"tags":[400,11,398,408,405,73,1866,403,402,399,404,12,401,406,1864,1865,1863,308,407],"class_list":{"0":"post-271792","1":"post","2":"type-post","3":"status-publish","4":"format-standard","5":"has-post-thumbnail","7":"category-etats-unis","8":"tag-action-cac-40","9":"tag-actualites","10":"tag-bourse-de-paris","11":"tag-boursorama","12":"tag-cotations","13":"tag-etats-unis","14":"tag-etats-unis-damerique","15":"tag-indices-devises","16":"tag-investir","17":"tag-investissement","18":"tag-marche-boursier","19":"tag-news","20":"tag-sicav","21":"tag-trackers","22":"tag-united-states","23":"tag-united-states-of-america","24":"tag-us","25":"tag-usa","26":"tag-warrants"},"share_on_mastodon":{"url":"https:\/\/pubeurope.com\/@fr\/114911446551900201","error":""},"_links":{"self":[{"href":"https:\/\/www.europesays.com\/fr\/wp-json\/wp\/v2\/posts\/271792","targetHints":{"allow":["GET"]}}],"collection":[{"href":"https:\/\/www.europesays.com\/fr\/wp-json\/wp\/v2\/posts"}],"about":[{"href":"https:\/\/www.europesays.com\/fr\/wp-json\/wp\/v2\/types\/post"}],"author":[{"embeddable":true,"href":"https:\/\/www.europesays.com\/fr\/wp-json\/wp\/v2\/users\/2"}],"replies":[{"embeddable":true,"href":"https:\/\/www.europesays.com\/fr\/wp-json\/wp\/v2\/comments?post=271792"}],"version-history":[{"count":0,"href":"https:\/\/www.europesays.com\/fr\/wp-json\/wp\/v2\/posts\/271792\/revisions"}],"wp:featuredmedia":[{"embeddable":true,"href":"https:\/\/www.europesays.com\/fr\/wp-json\/wp\/v2\/media\/2486"}],"wp:attachment":[{"href":"https:\/\/www.europesays.com\/fr\/wp-json\/wp\/v2\/media?parent=271792"}],"wp:term":[{"taxonomy":"category","embeddable":true,"href":"https:\/\/www.europesays.com\/fr\/wp-json\/wp\/v2\/categories?post=271792"},{"taxonomy":"post_tag","embeddable":true,"href":"https:\/\/www.europesays.com\/fr\/wp-json\/wp\/v2\/tags?post=271792"}],"curies":[{"name":"wp","href":"https:\/\/api.w.org\/{rel}","templated":true}]}}