{"id":271793,"date":"2025-07-25T02:11:12","date_gmt":"2025-07-25T02:11:12","guid":{"rendered":"https:\/\/www.europesays.com\/fr\/271793\/"},"modified":"2025-07-25T02:11:12","modified_gmt":"2025-07-25T02:11:12","slug":"jeremy-corbyn-annonce-la-creation-dun-nouveau-parti-de-gauche-au-royaume-uni","status":"publish","type":"post","link":"https:\/\/www.europesays.com\/fr\/271793\/","title":{"rendered":"Jeremy Corbyn annonce la cr\u00e9ation d&rsquo;un nouveau parti de gauche au Royaume-Uni"},"content":{"rendered":"<p>L\u2019ancien chef du Parti travailliste, Jeremy Corbyn, a annonc\u00e9 jeudi la cr\u00e9ation d\u2019un nouveau parti politique britannique de gauche pour pr\u00f4ner une \u00abredistribution massive des richesses et du pouvoir\u00bb et affronter ses anciens coll\u00e8gues lors des prochaines \u00e9lections.<\/p>\n<p>La nouvelle formation dispose d\u2019un site internet \u2014 yourparty.uk \u2014 mais n\u2019a pas encore de nom.<\/p>\n<p>\u00abC\u2019est votre parti, a indiqu\u00e9 M.\u00a0Corbyn. Nous choisirons un nom lorsque nous aurons re\u00e7u toutes les r\u00e9ponses, et jusqu\u2019\u00e0 pr\u00e9sent, le taux de r\u00e9ponse a \u00e9t\u00e9 massif.\u00bb<\/p>\n<p>Jeremy Corbyn esp\u00e8re que le nouveau parti tiendrait sa conf\u00e9rence inaugurale \u00e0 l\u2019automne.<\/p>\n<p>M.\u00a0Corbyn, 76\u00a0ans, a men\u00e9 le Parti travailliste \u00e0 des d\u00e9faites \u00e9lectorales en 2017 et 2019, mais ce v\u00e9t\u00e9ran socialiste reste populaire aupr\u00e8s de nombreux militants de la base. <\/p>\n<p>Le nouveau parti a le potentiel de fragmenter davantage la politique britannique. Les partis travailliste et conservateur, longtemps dominants, ont d\u00e9sormais des adversaires \u00e0 gauche comme \u00e0 droite, notamment le Parti vert \u00e9cologiste et le parti d\u2019extr\u00eame droite Reform UK.<\/p>\n<p>Le projet de cr\u00e9ation d\u2019un nouveau parti a \u00e9merg\u00e9 plus t\u00f4t ce mois-ci lorsque la d\u00e9put\u00e9e Zarah Sultana, suspendue du Parti travailliste pour avoir vot\u00e9 contre le gouvernement, a annonc\u00e9 qu\u2019elle \u00abcodirigerait la fondation d\u2019un nouveau parti\u00bb avec M.\u00a0Corbyn.<\/p>\n<p>\u00c0 l\u2019\u00e9poque, Jeremy Corbyn n\u2019avait pas confirm\u00e9 la nouvelle.<\/p>\n<p>Il a ni\u00e9 jeudi que le lancement du parti ait \u00e9t\u00e9 chaotique, affirmant que le processus \u00e9tait \u00abd\u00e9mocratique, citoyen et ouvert\u00bb.<\/p>\n<p>Partisan de longue date des Palestiniens et critique d\u2019Isra\u00ebl, M.\u00a0Corbyn a \u00e9t\u00e9 suspendu du Parti travailliste en 2020 apr\u00e8s que l\u2019organisme britannique de surveillance de l\u2019\u00e9galit\u00e9 des chances a constat\u00e9 que des pr\u00e9jug\u00e9s antis\u00e9mites avaient \u00e9t\u00e9 laiss\u00e9s se propager au sein du parti alors qu\u2019il \u00e9tait \u00e0 sa t\u00eate.<\/p>\n<p>Il a \u00e9t\u00e9 suspendu apr\u00e8s avoir refus\u00e9 d\u2019accepter pleinement les conclusions, affirmant que ses opposants avaient exag\u00e9r\u00e9 l\u2019ampleur de l\u2019antis\u00e9mitisme au sein du Parti travailliste pour des \u00abraisons politiques\u00bb.<\/p>\n<p>Jeremy Corbyn a \u00e9t\u00e9 r\u00e9\u00e9lu au Parlement l\u2019ann\u00e9e derni\u00e8re en tant qu\u2019ind\u00e9pendant.<\/p>\n<p>Le premier ministre Keir Starmer a succ\u00e9d\u00e9 \u00e0 M.\u00a0Corbyn \u00e0 la t\u00eate du Parti travailliste en 2020 et a ramen\u00e9 le parti vers le centre. Il a abandonn\u00e9 l\u2019opposition de M.\u00a0Corbyn au programme nucl\u00e9aire britannique, a fortement soutenu l\u2019envoi d\u2019armes en Ukraine et a soulign\u00e9 l\u2019engagement du parti \u00e0 \u00e9quilibrer les comptes.<\/p>\n<p>M.\u00a0Starmer a remport\u00e9 une victoire \u00e9lectorale \u00e9crasante il y a un an, mais il a pein\u00e9 \u00e0 maintenir l\u2019unit\u00e9 des d\u00e9put\u00e9s travaillistes, alors que le gouvernement peine \u00e0 relancer une \u00e9conomie morose et \u00e0 investir dans des services publics surcharg\u00e9s. <\/p>\n<p>Il a \u00e9t\u00e9 contraint \u00e0 une s\u00e9rie de revirements par ses propres d\u00e9put\u00e9s, notamment sur la r\u00e9forme de la protection sociale, ce qui a fortement entam\u00e9 son autorit\u00e9.<\/p>\n","protected":false},"excerpt":{"rendered":"L\u2019ancien chef du Parti travailliste, Jeremy Corbyn, a annonc\u00e9 jeudi la cr\u00e9ation d\u2019un nouveau parti politique britannique de&hellip;\n","protected":false},"author":2,"featured_media":271794,"comment_status":"","ping_status":"","sticky":false,"template":"","format":"standard","meta":{"footnotes":""},"categories":[1588],"tags":[11,1777,674,1854,4576,12,473,1853,1851,1850,1852],"class_list":{"0":"post-271793","1":"post","2":"type-post","3":"status-publish","4":"format-standard","5":"has-post-thumbnail","7":"category-royaume-uni","8":"tag-actualites","9":"tag-eu","10":"tag-europe","11":"tag-https-lactualite-com-sujet-international","12":"tag-https-lactualite-com-sujet-politique","13":"tag-news","14":"tag-royaume-uni","15":"tag-royaume-uni-de-grande-bretagne-et-dirlande-du-nord","16":"tag-uk","17":"tag-united-kingdom","18":"tag-united-kingdom-of-great-britain-and-northern-ireland"},"share_on_mastodon":{"url":"https:\/\/pubeurope.com\/@fr\/114911450452626153","error":""},"_links":{"self":[{"href":"https:\/\/www.europesays.com\/fr\/wp-json\/wp\/v2\/posts\/271793","targetHints":{"allow":["GET"]}}],"collection":[{"href":"https:\/\/www.europesays.com\/fr\/wp-json\/wp\/v2\/posts"}],"about":[{"href":"https:\/\/www.europesays.com\/fr\/wp-json\/wp\/v2\/types\/post"}],"author":[{"embeddable":true,"href":"https:\/\/www.europesays.com\/fr\/wp-json\/wp\/v2\/users\/2"}],"replies":[{"embeddable":true,"href":"https:\/\/www.europesays.com\/fr\/wp-json\/wp\/v2\/comments?post=271793"}],"version-history":[{"count":0,"href":"https:\/\/www.europesays.com\/fr\/wp-json\/wp\/v2\/posts\/271793\/revisions"}],"wp:featuredmedia":[{"embeddable":true,"href":"https:\/\/www.europesays.com\/fr\/wp-json\/wp\/v2\/media\/271794"}],"wp:attachment":[{"href":"https:\/\/www.europesays.com\/fr\/wp-json\/wp\/v2\/media?parent=271793"}],"wp:term":[{"taxonomy":"category","embeddable":true,"href":"https:\/\/www.europesays.com\/fr\/wp-json\/wp\/v2\/categories?post=271793"},{"taxonomy":"post_tag","embeddable":true,"href":"https:\/\/www.europesays.com\/fr\/wp-json\/wp\/v2\/tags?post=271793"}],"curies":[{"name":"wp","href":"https:\/\/api.w.org\/{rel}","templated":true}]}}