{"id":271795,"date":"2025-07-25T02:12:23","date_gmt":"2025-07-25T02:12:23","guid":{"rendered":"https:\/\/www.europesays.com\/fr\/271795\/"},"modified":"2025-07-25T02:12:23","modified_gmt":"2025-07-25T02:12:23","slug":"les-ventes-de-musique-enregistree-de-lallemagne-ont-augmente-de-14-au-premier-semestre-de-2025-marquant-un-ralentissement-significatif","status":"publish","type":"post","link":"https:\/\/www.europesays.com\/fr\/271795\/","title":{"rendered":"Les ventes de musique enregistr\u00e9e de l&rsquo;Allemagne ont augment\u00e9 de 1,4% au premier semestre de 2025, marquant un ralentissement significatif"},"content":{"rendered":"<p>Le groupe de commerce de musique enregistr\u00e9 en Allemagne affirme qu&rsquo;il voit toujours un potentiel \u00e0 l&rsquo;avance, malgr\u00e9 un ralentissement du taux de croissance des ventes de musique enregistr\u00e9es.<\/p>\n<p>Le <strong>Association de l&rsquo;industrie de la musique allemande<\/strong> (<strong>BVMI<\/strong>) dit que les ventes de musique enregistr\u00e9es au premier semestre de 2025 <strong>1,157 milliard d&rsquo;euros europ\u00e9ens<\/strong> (<strong>1,36 milliard de dollars<\/strong> au taux de change moyen pour le T2 2025), sur une base de vente au d\u00e9tail. C&rsquo;est de neuf <strong>1,4%<\/strong>  \u00e0 partir de la m\u00eame p\u00e9riode un an plus t\u00f4t.<\/p>\n<p>\u00c9tant donn\u00e9 que le taux d&rsquo;inflation en glissement annuel a fonctionn\u00e9 <strong>2%<\/strong> Ces derniers mois, cela sugg\u00e8re que, sur une base ajust\u00e9e en fonction de l&rsquo;inflation, les ventes de musique de vente au d\u00e9tail ont l\u00e9g\u00e8rement diminu\u00e9 en H1.<\/p>\n<p>Les derniers chiffres repr\u00e9sentent un ralentissement significatif de H1 2024, lorsque les ventes enregistr\u00e9es ont augment\u00e9 par <strong>7,6% en glissement annuel<\/strong>.<\/p>\n<p>Les num\u00e9ros H1 2025 \u00e9taient quelque peu plus forts pour les ventes de musique num\u00e9rique sp\u00e9cifiquement (streaming et t\u00e9l\u00e9chargements \u00e0 la carte), qui a augment\u00e9 <strong>3,9% en glissement annuel<\/strong>.<\/p>\n<p>Cependant, cette croissance a \u00e9t\u00e9 en partie compens\u00e9e par un <strong>13,2% en glissement annuel<\/strong>  d\u00e9clin des ventes physiques (vinyle et CDS), avec une baisse des ventes de CD <strong>20,1% en glissement annuel<\/strong>.<\/p>\n<p>Les chiffres refl\u00e8tent un malaise g\u00e9n\u00e9ral dans l&rsquo;\u00e9conomie allemande, qui a stagn\u00e9 au cours des derni\u00e8res ann\u00e9es, principalement en raison des prix \u00e9lev\u00e9s de l&rsquo;\u00e9nergie. Cependant, apr\u00e8s une croissance proche de z\u00e9ro en 2023 et 2024, il y a eu des signes de pick-up r\u00e9cemment. Le PIB r\u00e9el du pays (ajust\u00e9 \u00e0 l&rsquo;inflation) a augment\u00e9 <strong>0,3%<\/strong>  au T2 2025.<\/p>\n<p><strong>Dr Florian Dr\u00fccke<\/strong>Pr\u00e9sident et chef de la direction de BVMI, reste optimiste quant \u00e0 l&rsquo;avenir de l&rsquo;industrie de la musique enregistr\u00e9e.<\/p>\n<p>\u00ab\u00a0En tant qu&rsquo;industrie, nous sommes actuellement dans une phase passionnante dans laquelle il y a encore un potentiel de croissance, m\u00eame dans les march\u00e9s d\u00e9velopp\u00e9s comme l&rsquo;Allemagne\u00a0\u00bb, a-t-il d\u00e9clar\u00e9 dans un communiqu\u00e9 jeudi 24 juillet.<\/p>\n<p>\u00abDans cet environnement caract\u00e9ris\u00e9 par d&rsquo;\u00e9normes sauts technologiques, notre industrie d\u00e9pend particuli\u00e8rement des l\u00e9gislateurs europ\u00e9ens qui gardent un \u0153il sur le cadre juridique des futurs domaines d&rsquo;activit\u00e9 num\u00e9rique. Cela comprend actuellement la continuation coh\u00e9rente du chemin emprunt\u00e9 avec la r\u00e9glementation de l&rsquo;IA afin de permettre l&rsquo;activit\u00e9 de licence num\u00e9rique.\u00bb<\/p>\n<blockquote>\n<p>\u00abNous sommes actuellement dans une phase passionnante dans laquelle il y a encore un potentiel de croissance, m\u00eame dans les march\u00e9s d\u00e9velopp\u00e9s comme l&rsquo;Allemagne.\u00bb<\/p>\n<p>Dr Florian Dr\u00fccke, BVMI<\/p>\n<\/blockquote>\n<p>De grandes parties de la loi sur l&rsquo;IA de l&rsquo;Union europ\u00e9enne entreront en vigueur d\u00e9but ao\u00fbt, et plus t\u00f4t ce mois-ci, la Commission europ\u00e9enne a d\u00e9voil\u00e9 un code de pratique volontaire pour les soci\u00e9t\u00e9s de l&rsquo;IA, con\u00e7ue pour les aider \u00e0 \u00e9viter les charges r\u00e9glementaires de la loi.<\/p>\n<p>Les principes du code incluent des directives sur la fa\u00e7on dont les soci\u00e9t\u00e9s d&rsquo;IA collectent du contenu prot\u00e9g\u00e9 par le droit d&rsquo;auteur en ligne, ce qui les oblige \u00e0 ne pas contourner les restrictions impos\u00e9es par les droitiers sur le scolarit\u00e9 des donn\u00e9es. Le code les oblige \u00e9galement \u00e0 \u00e9viter de collecter du mat\u00e9riel \u00e0 partir de sources de contrefa\u00e7on de droit d&rsquo;auteur telles que les sites Web de piratage num\u00e9rique.<\/p>\n<p>Bon nombre des soci\u00e9t\u00e9s d&rsquo;IA les plus importantes, dont <strong>Anthropique<\/strong>, <strong>Microsoft<\/strong> et <strong>Openai<\/strong>s&rsquo;est engag\u00e9 \u00e0 respecter le code, bien que Facebook et le propri\u00e9taire d&rsquo;Instagram <strong>M\u00e9ta-plateformes<\/strong> a dit qu&rsquo;il ne se connecterait pas.<\/p>\n<p>Certains aspects des r\u00e9glementations de l&rsquo;IA de l&rsquo;UE se sont r\u00e9v\u00e9l\u00e9s controvers\u00e9s avec les droits, par exemple le m\u00e9canisme \u00abopt-out\u00bb qui oblige les tireurs de droit d&rsquo;auteur \u00e0 d\u00e9clarer explicitement qu&rsquo;ils ne veulent pas que leur contenu soit utilis\u00e9 pour former l&rsquo;IA.<\/p>\n<p>Ce r\u00e8glement l&rsquo;ann\u00e9e derni\u00e8re a incit\u00e9 les deux <strong>Groupe de musique Sony<\/strong> et <strong>Groupe de musique Warner<\/strong> Pour envoyer des lettres aux d\u00e9veloppeurs d&rsquo;IA en les informant qu&rsquo;ils choisissent leur utilisation de leur mat\u00e9riel pour former l&rsquo;IA.<\/p>\n<p>Soci\u00e9t\u00e9 de recouvrement de droits de performance allemande <strong>Gemat<\/strong> a \u00e9t\u00e9 \u00e0 l&rsquo;avant-garde des organismes de l&rsquo;industrie musicale appelant un march\u00e9 de licence qui permettrait aux artistes et aux soci\u00e9t\u00e9s de musique d&rsquo;\u00eatre pay\u00e9s pour l&rsquo;utilisation de leur musique dans la formation de l&rsquo;IA.<\/p>\n<p>\u00abNous sommes pr\u00eats \u00e0 n\u00e9gocier des conditions d&rsquo;utilisation \u00e9quitables et de r\u00e9mun\u00e9ration avec les soci\u00e9t\u00e9s de l&rsquo;IA\u00bb, <strong>Christina von Gemmingen-Hornberg<\/strong> dit l&rsquo;ann\u00e9e derni\u00e8re.<\/p>\n","protected":false},"excerpt":{"rendered":"Le groupe de commerce de musique enregistr\u00e9 en Allemagne affirme qu&rsquo;il voit toujours un potentiel \u00e0 l&rsquo;avance, malgr\u00e9&hellip;\n","protected":false},"author":2,"featured_media":271796,"comment_status":"","ping_status":"","sticky":false,"template":"","format":"standard","meta":{"footnotes":""},"categories":[1587],"tags":[11,672,19258,1804,1805,1803,41131,1777,674,1801,41132,151,41133,873,12,2537,7910,10089,1802,41134,7007,6180],"class_list":{"0":"post-271795","1":"post","2":"type-post","3":"status-publish","4":"format-standard","5":"has-post-thumbnail","7":"category-allemagne","8":"tag-actualites","9":"tag-allemagne","10":"tag-augmente","11":"tag-bundesrepublik-deutschland","12":"tag-de","13":"tag-deutschland","14":"tag-enregistree","15":"tag-eu","16":"tag-europe","17":"tag-germany","18":"tag-l39allemagne","19":"tag-les","20":"tag-marquant","21":"tag-musique","22":"tag-news","23":"tag-ont","24":"tag-premier","25":"tag-ralentissement","26":"tag-republique-federale-dallemagne","27":"tag-semestre","28":"tag-significatif","29":"tag-ventes"},"share_on_mastodon":{"url":"https:\/\/pubeurope.com\/@fr\/114911454413394602","error":""},"_links":{"self":[{"href":"https:\/\/www.europesays.com\/fr\/wp-json\/wp\/v2\/posts\/271795","targetHints":{"allow":["GET"]}}],"collection":[{"href":"https:\/\/www.europesays.com\/fr\/wp-json\/wp\/v2\/posts"}],"about":[{"href":"https:\/\/www.europesays.com\/fr\/wp-json\/wp\/v2\/types\/post"}],"author":[{"embeddable":true,"href":"https:\/\/www.europesays.com\/fr\/wp-json\/wp\/v2\/users\/2"}],"replies":[{"embeddable":true,"href":"https:\/\/www.europesays.com\/fr\/wp-json\/wp\/v2\/comments?post=271795"}],"version-history":[{"count":0,"href":"https:\/\/www.europesays.com\/fr\/wp-json\/wp\/v2\/posts\/271795\/revisions"}],"wp:featuredmedia":[{"embeddable":true,"href":"https:\/\/www.europesays.com\/fr\/wp-json\/wp\/v2\/media\/271796"}],"wp:attachment":[{"href":"https:\/\/www.europesays.com\/fr\/wp-json\/wp\/v2\/media?parent=271795"}],"wp:term":[{"taxonomy":"category","embeddable":true,"href":"https:\/\/www.europesays.com\/fr\/wp-json\/wp\/v2\/categories?post=271795"},{"taxonomy":"post_tag","embeddable":true,"href":"https:\/\/www.europesays.com\/fr\/wp-json\/wp\/v2\/tags?post=271795"}],"curies":[{"name":"wp","href":"https:\/\/api.w.org\/{rel}","templated":true}]}}