{"id":271799,"date":"2025-07-25T02:14:08","date_gmt":"2025-07-25T02:14:08","guid":{"rendered":"https:\/\/www.europesays.com\/fr\/271799\/"},"modified":"2025-07-25T02:14:08","modified_gmt":"2025-07-25T02:14:08","slug":"la-commission-propose-de-flecher-35-du-budget-europeen-vers-le-climat-et-lenvironnement-actu-environnement","status":"publish","type":"post","link":"https:\/\/www.europesays.com\/fr\/271799\/","title":{"rendered":"La Commission propose de fl\u00e9cher 35 % du budget europ\u00e9en vers le climat et l&#039;environnement &#8211; Actu-Environnement"},"content":{"rendered":"<ol>\n<li><a href=\"https:\/\/news.google.com\/rss\/articles\/CBMipAFBVV95cUxNQ0lTczZGbV9pYl9kclZJU0hNU0R6WGVrWlNROXhPd0JzYW4tellfSFdkcU5ndVd3MEtuaUdZOE5iU1FZQjJzbG40bzdSR0pLNThhaE1xakNlX2phdWZUX3h5TXZGSGt5bjl2QTU4dEFfZWRUY2NVVXdZSjd5S2Q4d25vcEVvUWVCSTljTWhORHdBbHpidVp1RlpJblhxd1NhcWk0SQ?oc=5\" target=\"_blank\" rel=\"noopener\">La Commission propose de fl\u00e9cher 35 % du budget europ\u00e9en vers le climat et l&rsquo;environnement<\/a>&nbsp;&nbsp;Actu-Environnement<\/li>\n<li><a href=\"https:\/\/news.google.com\/rss\/articles\/CBMijgJBVV95cUxOa1hIMHBWZ1ljRzYybnRZcDRCTjB3cDFsb3lFRzVxc0NHc2ZnNVRMYTVXb0h3OTk2Z3E0UGhlbEpRb0R3WE9LUENIRkZpdHg0OU0wbk5NdEF3VUVJQ191U2VzMjdIQm5hNnhmMnBNa0RPcmxNcV9pSkRuSXROdERWMktuajhSMEJ5NUNPcnlxMFFjX2tfbThlbnluLWlzVnZkd1QyMERuOERVUlRxUGhjS2J4TGdGeFpUVU9rMzMyTHk1cEZjUGRodGRlUTVUbTVuT1JUVDl2anM5NlZlN0FiSmdWYTd0ZkZMaVc4cHpXM3Ixbi1mbFRlRTJFa0l3SFZDcGRGekMxSkt1RzBYQWc?oc=5\" target=\"_blank\" rel=\"noopener\">\u00ab Ursula von der Leyen commet une trahison en abandonnant l\u2019un des piliers de l\u2019Union europ\u00e9enne que constitue la PAC \u00bb<\/a>&nbsp;&nbsp;Le Monde.fr<\/li>\n<li><a href=\"https:\/\/news.google.com\/rss\/articles\/CBMie0FVX3lxTFBXUDZVR3lxX0FPVmlDZUdfYWw4YldXbzdpbk9VZEtRTkV2UE1oUnF3VDA0OGFtYWJXWVhlRzFpRFhyZlNyLXVHbEY3a0VRQ0RrSmVIRUUxM05OcFBBVW1uM000MzBEUTljOE9RVnBTZEMzRUJBbnpSU0lMSQ?oc=5\" target=\"_blank\" rel=\"noopener\">Toujours n\u00e9cessaire, la PAC ?<\/a>&nbsp;&nbsp;Le kiosque Sud Ouest<\/li>\n<li><a href=\"https:\/\/news.google.com\/rss\/articles\/CBMi9gFBVV95cUxOMmQ0bnJYU1JHS1E3dndrLUJ6NXp1WDJBLXN3OUVEaU9ZN1dDMHJONjNSNjgwbU1YbG41MmhqUGRwVURyVDJDZnFDWnl5Y25NZ0hKSHFnOUh1Q1ZuRGFSNGhqYWQtRnVqTE95dzhFTUd4N1g2eDJtT3BRQjBKUkstUEhITUlXQWg4U0hSQ3RNX3p4d0Q4U1RWa2xDM0dPb3pVTG81SlR4RlVvRzJXeVZsM2tiQ0VpWkx6Z2VXYXQ2eW5lZFBYMHRoV1RSQVMzek1JM1FvMTVxWERJM0pVUnpsTkluN0VFMGsxODViMDFWSy12bVFucHc?oc=5\" target=\"_blank\" rel=\"noopener\">Budget europ\u00e9en : comment Ursula von der Leyen a r\u00e9ussi \u00e0 m\u00e9contenter tout le monde<\/a>&nbsp;&nbsp;L&rsquo;Express<\/li>\n<li><a href=\"https:\/\/news.google.com\/rss\/articles\/CBMinwFBVV95cUxNWU5NRU1fZGdMYmpJUmtzUWlycmJaVENrOGcwMWNQWlFHS1FicmJnbHlUanN2bjlvMXJ2RFN2X2pkWWhiSFN5cUgzY1Z2bVBZS1FKbnNIV2NNR0Fza19tOUpoa1VkRmlSd1BFU0kyS1VrSHBoTDZ3OTdxZE03V1E3aHBFY0EwZk5vTDJJbW1fVnJjY3VQMGxCZFVMUXkwV1E?oc=5\" target=\"_blank\" rel=\"noopener\">Agriculture : la France s\u2019inqui\u00e8te pour l\u2019avenir de la PAC<\/a>&nbsp;&nbsp;La Croix<\/li>\n<\/ol>\n","protected":false},"excerpt":{"rendered":"La Commission propose de fl\u00e9cher 35 % du budget europ\u00e9en vers le climat et l&rsquo;environnement&nbsp;&nbsp;Actu-Environnement \u00ab Ursula von&hellip;\n","protected":false},"author":2,"featured_media":271800,"comment_status":"","ping_status":"","sticky":false,"template":"","format":"standard","meta":{"footnotes":""},"categories":[1586],"tags":[21806,14427,21809,21810,1111,21805,47,11,4763,2965,2813,21811,21807,21804,21808,21818,4858,51,893,436,18315,1777,674,1779,1011,27,21813,21815,6417,12,6334,21812,1800,4048,21816,21814,3887,25,4510,17429,895,1778,364,21817],"class_list":{"0":"post-271799","1":"post","2":"type-post","3":"status-publish","4":"format-standard","5":"has-post-thumbnail","7":"category-europe","8":"tag-cologie","9":"tag-nergie","10":"tag-nergies-renouvelables","11":"tag-olien","12":"tag-actu","13":"tag-actualit","14":"tag-actualite","15":"tag-actualites","16":"tag-agenda","17":"tag-air","18":"tag-article","19":"tag-biomasse","20":"tag-dchet","21":"tag-dveloppement-durable","22":"tag-dechet","23":"tag-e-zine","24":"tag-eau","25":"tag-ecologie","26":"tag-energie","27":"tag-environnement","28":"tag-eolien","29":"tag-eu","30":"tag-europe","31":"tag-european-union","32":"tag-fr","33":"tag-france","34":"tag-hse","35":"tag-hygine","36":"tag-information","37":"tag-news","38":"tag-newsletter","39":"tag-photovoltaique","40":"tag-pollution","41":"tag-presse","42":"tag-propret","43":"tag-qse","44":"tag-recyclage","45":"tag-republique-francaise","46":"tag-risque","47":"tag-sol","48":"tag-solaire","49":"tag-ue","50":"tag-union-europeenne","51":"tag-webzine"},"share_on_mastodon":{"url":"","error":"Validation failed: Text character limit of 500 exceeded"},"_links":{"self":[{"href":"https:\/\/www.europesays.com\/fr\/wp-json\/wp\/v2\/posts\/271799","targetHints":{"allow":["GET"]}}],"collection":[{"href":"https:\/\/www.europesays.com\/fr\/wp-json\/wp\/v2\/posts"}],"about":[{"href":"https:\/\/www.europesays.com\/fr\/wp-json\/wp\/v2\/types\/post"}],"author":[{"embeddable":true,"href":"https:\/\/www.europesays.com\/fr\/wp-json\/wp\/v2\/users\/2"}],"replies":[{"embeddable":true,"href":"https:\/\/www.europesays.com\/fr\/wp-json\/wp\/v2\/comments?post=271799"}],"version-history":[{"count":0,"href":"https:\/\/www.europesays.com\/fr\/wp-json\/wp\/v2\/posts\/271799\/revisions"}],"wp:featuredmedia":[{"embeddable":true,"href":"https:\/\/www.europesays.com\/fr\/wp-json\/wp\/v2\/media\/271800"}],"wp:attachment":[{"href":"https:\/\/www.europesays.com\/fr\/wp-json\/wp\/v2\/media?parent=271799"}],"wp:term":[{"taxonomy":"category","embeddable":true,"href":"https:\/\/www.europesays.com\/fr\/wp-json\/wp\/v2\/categories?post=271799"},{"taxonomy":"post_tag","embeddable":true,"href":"https:\/\/www.europesays.com\/fr\/wp-json\/wp\/v2\/tags?post=271799"}],"curies":[{"name":"wp","href":"https:\/\/api.w.org\/{rel}","templated":true}]}}