{"id":271803,"date":"2025-07-25T02:16:21","date_gmt":"2025-07-25T02:16:21","guid":{"rendered":"https:\/\/www.europesays.com\/fr\/271803\/"},"modified":"2025-07-25T02:16:21","modified_gmt":"2025-07-25T02:16:21","slug":"clash-entre-francois-xavier-bellamy-et-hugo-clement-sur-fond-de-loi-duplomb","status":"publish","type":"post","link":"https:\/\/www.europesays.com\/fr\/271803\/","title":{"rendered":"clash entre Fran\u00e7ois-Xavier Bellamy et Hugo Cl\u00e9ment sur fond de loi Duplomb"},"content":{"rendered":"<p>Sur France 2 mercredi, l\u2019eurod\u00e9put\u00e9 LR avait nomm\u00e9 le militant \u00e9cologiste parmi les \u00abagents de d\u00e9sinformation\u00bb qui, selon lui, pr\u00e9sentent un argumentaire biais\u00e9 sur les n\u00e9onicotino\u00efdes. Il d\u00e9plore que le militant ne r\u00e9ponde que par l\u2019ironie via des vid\u00e9os sur Instagram, sans accepter le d\u00e9bat direct.<\/p>\n<p class=\"fig-paragraph\">Un eurod\u00e9put\u00e9 LR, un militant \u00e9cologiste et une loi sur les n\u00e9onicotino\u00efdes\u00a0: comment un tel cocktail pouvait-il ne pas exploser\u00a0? Sur fond de controverse sur la\u00a0<a href=\"http:\/\/www.lefigaro.fr\/politique\/on-sera-la-le-gouvernement-officiellement-ouvert-a-un-nouveau-debat-sur-la-loi-duplomb-20250724\" target=\"_blank\" data-fig-type=\"NewsFlash\" rel=\"noopener nofollow\" data-gtm-custom-categorie=\"navigation\" data-gtm-custom-action=\"crossclick\" data-gtm-custom-label=\"Contextuel\" data-gtm-event=\"customEventSPE\" data-fig-domain=\"LEFIGARO\">loi Duplomb<\/a>\u00a0qui d\u00e9fraie la chronique,\u00a0<a href=\"http:\/\/www.lefigaro.fr\/politique\/francois-xavier-bellamy-lr-doit-revenir-en-ligue-1-et-gagner-la-presidentielle-20250721\" target=\"_blank\" data-fig-type=\"Article\" rel=\"noopener nofollow\" data-gtm-custom-categorie=\"navigation\" data-gtm-custom-action=\"crossclick\" data-gtm-custom-label=\"Contextuel\" data-gtm-event=\"customEventSPE\" data-fig-domain=\"LEFIGARO\">Fran\u00e7ois-Xavier Bellamy<\/a>\u00a0et\u00a0<a href=\"http:\/\/www.lefigaro.fr\/voyages\/hugo-clement-avec-les-reseaux-sociaux-les-effets-nefastes-du-surtourisme-sont-decuples-20240512\" target=\"_blank\" data-fig-type=\"Article\" rel=\"noopener nofollow\" data-gtm-custom-categorie=\"navigation\" data-gtm-custom-action=\"crossclick\" data-gtm-custom-label=\"Contextuel\" data-gtm-event=\"customEventSPE\" data-fig-domain=\"LEFIGARO\">Hugo Cl\u00e9ment<\/a>\u00a0s\u2019affrontent depuis mercredi par vid\u00e9os interpos\u00e9es. Le fond du d\u00e9saccord, la toxicit\u00e9 de l\u2019ac\u00e9tamipride, pesticide interdit en France depuis 2020 mais l\u00e9gal en Europe et que la loi Duplomb veut r\u00e9introduire. Fran\u00e7ois-Xavier Bellamy affirme que la mol\u00e9cule, \u00abdans des conditions tr\u00e8s contr\u00f4l\u00e9es\u00bb, \u00abne pr\u00e9sente pas de toxicit\u00e9 pour l\u2019homme\u00bb et \u00abne conduit pas \u00e0 une mortalit\u00e9 des abeilles\u00bb.<\/p>\n<p class=\"fig-paragraph\">\u00a0\u00abCompl\u00e8tement faux\u00bb, oppose Hugo Cl\u00e9ment pour qui ce produit est d\u2019une \u00abtoxicit\u00e9 terrible\u00bb. Dans la derni\u00e8re vid\u00e9o en date, post\u00e9e par le militant ce jeudi apr\u00e8s-midi, le ton est railleur\u00a0: \u00abTu me fais un peu flipper Fran\u00e7ois-Xavier pour \u00eatre honn\u00eate\u00bb, ironise l\u2019influenceur, \u00absurtout quand tu m\u2019invites \u00e0 d\u00e9battre chez toi\u00bb. Sans pour autant r\u00e9pondre \u00e0 la\u2026<\/p>\n<p class=\"fig-premium-paywall__infos\">\n        Cet article est r\u00e9serv\u00e9 aux abonn\u00e9s.        Il vous reste 84% \u00e0 d\u00e9couvrir.\n    <\/p>\n<p>                <img  data- alt=\"Le Figaro\" class=\"fig-img--complete fig-img\"\/><\/p>\n<p class=\"fig-premium-paywall__title\">Vous avez envie de lire la suite ?<\/p>\n<p class=\"fig-premium-paywall__subtitle\">D\u00e9bloquez tous les articles imm\u00e9diatement.<\/p>\n<p class=\"fig-premium-paywall__connect\">\n                D\u00e9j\u00e0 abonn\u00e9\u00a0?                <a class=\"fig-premium-paywall__connect-link\" href=\"https:\/\/connect.lefigaro.fr\/login?client=horizon_web&amp;type=main&amp;redirect_uri=https%3A%2F%2Fwww.lefigaro.fr%2Factualite-france%2Fje-ne-suis-pas-scientifique-et-vous-non-plus-hugo-clash-entre-francois-xavier-bellamy-et-hugo-clement-sur-fond-de-loi-duplomb-20250724\" data-js-gtm=\"{&quot;customCategorie&quot;: &quot;conversion&quot;, &quot;customAction&quot;: &quot;before_Landing_Connexion_paywall_auto&quot;, &quot;customLabel&quot;: &quot;bGVmaWdhcm8uZnJfXzFmMDY4NjFmLTg3OGItNmNhMi05ODBjLTNmMjJjZTY2Y2JiNF9fQXJ0aWNsZQ==_\u00abJe ne suis pas scientifique et vous non plus\u00bb\u00a0: clash entre Fran\u00e7ois-Xavier Bellamy et Hugo Cl\u00e9ment sur fond de loi Duplomb_361&quot;, &quot;customIDSPE&quot;: &quot;bGVmaWdhcm8uZnJfXzFmMDY4NjFmLTg3OGItNmNhMi05ODBjLTNmMjJjZTY2Y2JiNF9fQXJ0aWNsZQ==&quot;, &quot;event&quot;: &quot;customEventSPE&quot;}\" rel=\"nofollow noopener\" target=\"_blank\"><br \/>\n                    Connectez-vous<br \/>\n                <\/a>\n            <\/p>\n","protected":false},"excerpt":{"rendered":"Sur France 2 mercredi, l\u2019eurod\u00e9put\u00e9 LR avait nomm\u00e9 le militant \u00e9cologiste parmi les \u00abagents de d\u00e9sinformation\u00bb qui, selon&hellip;\n","protected":false},"author":2,"featured_media":271804,"comment_status":"","ping_status":"","sticky":false,"template":"","format":"standard","meta":{"footnotes":""},"categories":[2],"tags":[11,1011,27,41135,30030,12,25],"class_list":{"0":"post-271803","1":"post","2":"type-post","3":"status-publish","4":"format-standard","5":"has-post-thumbnail","7":"category-actualites","8":"tag-actualites","9":"tag-fr","10":"tag-france","11":"tag-francois-xavier-bellamy","12":"tag-hugo-clement","13":"tag-news","14":"tag-republique-francaise"},"share_on_mastodon":{"url":"https:\/\/pubeurope.com\/@fr\/114911470213890145","error":""},"_links":{"self":[{"href":"https:\/\/www.europesays.com\/fr\/wp-json\/wp\/v2\/posts\/271803","targetHints":{"allow":["GET"]}}],"collection":[{"href":"https:\/\/www.europesays.com\/fr\/wp-json\/wp\/v2\/posts"}],"about":[{"href":"https:\/\/www.europesays.com\/fr\/wp-json\/wp\/v2\/types\/post"}],"author":[{"embeddable":true,"href":"https:\/\/www.europesays.com\/fr\/wp-json\/wp\/v2\/users\/2"}],"replies":[{"embeddable":true,"href":"https:\/\/www.europesays.com\/fr\/wp-json\/wp\/v2\/comments?post=271803"}],"version-history":[{"count":0,"href":"https:\/\/www.europesays.com\/fr\/wp-json\/wp\/v2\/posts\/271803\/revisions"}],"wp:featuredmedia":[{"embeddable":true,"href":"https:\/\/www.europesays.com\/fr\/wp-json\/wp\/v2\/media\/271804"}],"wp:attachment":[{"href":"https:\/\/www.europesays.com\/fr\/wp-json\/wp\/v2\/media?parent=271803"}],"wp:term":[{"taxonomy":"category","embeddable":true,"href":"https:\/\/www.europesays.com\/fr\/wp-json\/wp\/v2\/categories?post=271803"},{"taxonomy":"post_tag","embeddable":true,"href":"https:\/\/www.europesays.com\/fr\/wp-json\/wp\/v2\/tags?post=271803"}],"curies":[{"name":"wp","href":"https:\/\/api.w.org\/{rel}","templated":true}]}}