{"id":271807,"date":"2025-07-25T02:20:12","date_gmt":"2025-07-25T02:20:12","guid":{"rendered":"https:\/\/www.europesays.com\/fr\/271807\/"},"modified":"2025-07-25T02:20:12","modified_gmt":"2025-07-25T02:20:12","slug":"jean-pascal-barraque-senvole-pour-nissa-rugby","status":"publish","type":"post","link":"https:\/\/www.europesays.com\/fr\/271807\/","title":{"rendered":"Jean-Pascal Barraque s\u2019envole pour Nissa rugby"},"content":{"rendered":"<p>Ancien joueur de Clermont et de Perpignan, Jean-Pascal Barraque s\u2019engage du c\u00f4t\u00e9 de Nissa Rugby.<\/p>\n<p class=\"fig-paragraph\">Ancien international avec l\u2019\u00e9quipe de France de Rugby \u00e0 7,\u00a0<a href=\"http:\/\/www.lefigaro.fr\/sports\/rugby\/top-14\/top-14-jean-pascal-barraque-quitte-clermont-pour-perpignan-20230607\" data-fig-type=\"NewsFlash\" data-gtm-custom-categorie=\"navigation\" data-gtm-custom-action=\"crossclick\" data-gtm-custom-label=\"Contextuel\" data-gtm-event=\"customEventSPE\" data-fig-domain=\"LEFIGARO\" rel=\"nofollow noopener\" target=\"_blank\">Jean-Pascal Barraque\u00a0<\/a>a pris la d\u00e9cision de se lancer dans un nouveau d\u00e9fi. \u00c2g\u00e9 de 34 ans, l\u2019ancien joueur de Clermont quitte donc Perpignan et s\u2019envole du c\u00f4t\u00e9 de Nice, ou il a sign\u00e9 pour continuer de renforcer un effectif d\u00e9j\u00e0 pl\u00e9thorique.<\/p>\n<p class=\"fig-paragraph\">Le joueur pourra former la paire de centres avec\u00a0<a href=\"http:\/\/www.lefigaro.fr\/sports\/rugby\/top-14\/rugby-ancien-joueur-du-stade-francais-waisea-nayacalevu-annonce-sa-retraite-internationale-20250604\" data-fig-type=\"NewsFlash\" data-gtm-custom-categorie=\"navigation\" data-gtm-custom-action=\"crossclick\" data-gtm-custom-label=\"Contextuel\" data-gtm-event=\"customEventSPE\" data-fig-domain=\"LEFIGARO\" rel=\"nofollow noopener\" target=\"_blank\">Waisea Nayacalevu<\/a>&#8230; une association qui a de quoi faire peur au troisi\u00e8me \u00e9chelon du rugby fran\u00e7ais. Avec son recrutement, Nissa Rugby affirme son envie de remonter en Pro D2 d\u00e8s la saison prochaine.<\/p>\n","protected":false},"excerpt":{"rendered":"Ancien joueur de Clermont et de Perpignan, Jean-Pascal Barraque s\u2019engage du c\u00f4t\u00e9 de Nissa Rugby. Ancien international avec&hellip;\n","protected":false},"author":2,"featured_media":271808,"comment_status":"","ping_status":"","sticky":false,"template":"","format":"standard","meta":{"footnotes":""},"categories":[1416],"tags":[10980,1011,27,479,1468,60,20265],"class_list":{"0":"post-271807","1":"post","2":"type-post","3":"status-publish","4":"format-standard","5":"has-post-thumbnail","7":"category-rugby","8":"tag-asm-clermont-auvergne","9":"tag-fr","10":"tag-france","11":"tag-rugby","12":"tag-rugby-football","13":"tag-sports","14":"tag-usa-perpignan"},"share_on_mastodon":{"url":"https:\/\/pubeurope.com\/@fr\/114911485819702262","error":""},"_links":{"self":[{"href":"https:\/\/www.europesays.com\/fr\/wp-json\/wp\/v2\/posts\/271807","targetHints":{"allow":["GET"]}}],"collection":[{"href":"https:\/\/www.europesays.com\/fr\/wp-json\/wp\/v2\/posts"}],"about":[{"href":"https:\/\/www.europesays.com\/fr\/wp-json\/wp\/v2\/types\/post"}],"author":[{"embeddable":true,"href":"https:\/\/www.europesays.com\/fr\/wp-json\/wp\/v2\/users\/2"}],"replies":[{"embeddable":true,"href":"https:\/\/www.europesays.com\/fr\/wp-json\/wp\/v2\/comments?post=271807"}],"version-history":[{"count":0,"href":"https:\/\/www.europesays.com\/fr\/wp-json\/wp\/v2\/posts\/271807\/revisions"}],"wp:featuredmedia":[{"embeddable":true,"href":"https:\/\/www.europesays.com\/fr\/wp-json\/wp\/v2\/media\/271808"}],"wp:attachment":[{"href":"https:\/\/www.europesays.com\/fr\/wp-json\/wp\/v2\/media?parent=271807"}],"wp:term":[{"taxonomy":"category","embeddable":true,"href":"https:\/\/www.europesays.com\/fr\/wp-json\/wp\/v2\/categories?post=271807"},{"taxonomy":"post_tag","embeddable":true,"href":"https:\/\/www.europesays.com\/fr\/wp-json\/wp\/v2\/tags?post=271807"}],"curies":[{"name":"wp","href":"https:\/\/api.w.org\/{rel}","templated":true}]}}