{"id":271811,"date":"2025-07-25T02:23:21","date_gmt":"2025-07-25T02:23:21","guid":{"rendered":"https:\/\/www.europesays.com\/fr\/271811\/"},"modified":"2025-07-25T02:23:21","modified_gmt":"2025-07-25T02:23:21","slug":"le-programme-complet-du-grand-prix-de-france-2025","status":"publish","type":"post","link":"https:\/\/www.europesays.com\/fr\/271811\/","title":{"rendered":"le programme complet du Grand Prix de France 2025 !"},"content":{"rendered":"<p>Le MotoGP pose ses bagages au Mans pour le Grand Prix de France. Un GP qui rev\u00eat une importance particuli\u00e8re avec le pilote fran\u00e7ais Fabio Quartararo qui a r\u00e9cemment repris des couleurs en Espagne en terminant deuxi\u00e8me de la course, et qui aura \u00e9videmment \u00e0 coeur de r\u00e9aliser une belle performance \u00e0 domicile. D\u00e9couvrez ci-dessous le programme complet de cette sixi\u00e8me manche de la saison de MotoGP, diffus\u00e9e en clair ce dimanche 11 mai sur Canal+, qui promet.<\/p>\n<p>C\u2019est sans doute le rendez-vous de l\u2019ann\u00e9e pour les fans fran\u00e7ais de moto ! <strong>Deux semaines apr\u00e8s le Grand Prix d\u2019Espagne remport\u00e9 par Alex Marquez, le <a title=\"MotoGP\" href=\"https:\/\/www.automobile-magazine.fr\/motogp\" target=\"_blank\" rel=\"noopener\">MotoGP<\/a> atterrit cette semaine au Mans pour le Grand Prix de France.<\/strong> Cette \u00e9preuve, disput\u00e9e dans la Sarthe sur le Bugatti, est devenue une manche incontournable du championnat, comme l&rsquo;atteste le record d\u2019affluence enregistr\u00e9 ici l\u2019an pass\u00e9 avec 297 471 spectateurs<strong> <\/strong>venus sur place assister \u00e0 la victoire du pilote espagnol Jorge Martin. Cette ann\u00e9e, le Grand Prix de France compte s\u00e9duire encore davantage de passionn\u00e9s. Pourquoi ? Parce que la r\u00e9cente deuxi\u00e8me place du pilote fran\u00e7ais Fabio Quartararo en Espagne au guidon de sa Yamaha (apr\u00e8s avoir sign\u00e9 la pole), pourrait fort bien inciter ses fans \u00e0 venir en masse au Mans.<\/p>\n<p>\u00a0<\/p>\n<blockquote class=\"twitter-tweet\" data-lang=\"fr\">\n<p lang=\"en\" dir=\"ltr\">\ud83c\udfc1 The MICHELIN Grand Prix de France is here! \ud83c\uddeb\ud83c\uddf7<\/p>\n<p>The Bugatti circuit may not be the toughest, but consistent grip is key for maintaining a steady pace.<\/p>\n<p>Get key insights &amp; relive the best moments from the 2024 <a href=\"https:\/\/twitter.com\/hashtag\/FrenchGP?src=hash&amp;ref_src=twsrc%5Etfw\" target=\"_blank\" rel=\"noopener\">#FrenchGP<\/a>! \ud83d\udd25<a href=\"https:\/\/twitter.com\/hashtag\/MichelinMotoGP?src=hash&amp;ref_src=twsrc%5Etfw\" target=\"_blank\" rel=\"noopener\">#MichelinMotoGP<\/a> <a href=\"https:\/\/t.co\/Rq6I41FJ2X\">pic.twitter.com\/Rq6I41FJ2X<\/a><\/p>\n<p>\u2014 Michelin Motorsport (@Michelin_Sport) <a href=\"https:\/\/twitter.com\/Michelin_Sport\/status\/1919732607954162089?ref_src=twsrc%5Etfw\" target=\"_blank\" rel=\"noopener\">6 mai 2025<\/a><\/p><\/blockquote>\n<p>Quatararo veut rester calme au GP de France<\/p>\n<p>Apr\u00e8s 30 Grands Prix de disette, Fabio Quartararo a ainsi enfin renou\u00e9 avec le podium \u00e0 J\u00e9rez, seulement battu par Alex Marquez (Gresini), vainqueur d&rsquo;un Grand Prix pour la premi\u00e8re fois de sa carri\u00e8re. Une performance qui a de quoi motiver le Fran\u00e7ais \u00e0 briller \u00e0 domicile. Pourtant, \u201cEl Diablo\u201d pr\u00e9f\u00e8re garder les pieds sur terre et reste parfaitement lucide sur les performances toujours en retrait de sa machine. \u00ab\u00a0<strong>Il ne faut pas avoir d&rsquo;attentes parce que la moto est la m\u00eame que lors des deux derniers Grands Prix<\/strong>, et on sait \u00e0 quel point on a souffert au Qatar, explique Fabio Quartararo. Il faut rester calme et le jour o\u00f9 on aura l&rsquo;opportunit\u00e9 de signer une belle performance, on la saisira autant que possible.\u00a0\u00bb<\/p>\n<p>Un MotoGP diffus\u00e9 en clair sur Canal+<\/p>\n<p>La Yamaha du champion du monde 2021, n\u2019aura bien \u00e9videmment pas rattrap\u00e9 son retard de performances face \u00e0 Ducati en seulement deux semaines, mais elle pourrait bien jouer les trouble-f\u00eate. Enfin, c&rsquo;est important et c&rsquo;est une excellente nouvelle, apr\u00e8s la disparition de C8, le grand fr\u00e8re <strong>Canal+, le diffuseur exclusif du MotoGP pour la France, a d\u00e9cid\u00e9 de diffuser la course du dimanche 11 mai en clair <\/strong>mais \u00e9galement ce m\u00eame jour la grille MotoGP (\u00e0 partir de 13h15). Autrement dit pour tout un chacun, y compris pour les fans de motos qui ne sont pas abonn\u00e9s \u00e0 la cha\u00eene crypt\u00e9e et qui pourront ainsi assister \u00e0 la course sans bourse d\u00e9lier.<\/p>\n<p>Les infos du circuit Bugatti, Le Mans (France)<\/p>\n<ul>\n<li>Longueur : 4.185 km<\/li>\n<li>Nombre de virages : 11<\/li>\n<li>Nombre de tours en course : 27<\/li>\n<li>Nombre de tours en sprint : 13<\/li>\n<li>Poleman 2024 : Jorge Martin (Pramac, Ducati)<\/li>\n<li>Vainqueur 2024 : Jorge Martin (Pramac, Ducati)<\/li>\n<\/ul>\n<p>Le programme du Grand Prix de France<\/p>\n<tr>S\u00e9anceDateHorairesCha\u00eene<\/tr>\n<tr>\n<td>S\u00e9anceEssais libres 1<\/td>\n<td>DateVendredi 9 mai 2025<\/td>\n<td>Horaires10h45 &#8211; 11h30<\/td>\n<td>Cha\u00eeneCanal+ Sport 360<\/td>\n<\/tr>\n<tr>\n<td>S\u00e9anceEssais<\/td>\n<td>DateVendredi 9 mai 2025<\/td>\n<td>Horaires15h00 &#8211; 16h00<\/td>\n<td>Cha\u00eeneCanal+ Sport 360<\/td>\n<\/tr>\n<tr>\n<td>S\u00e9anceEssais libres 2<\/td>\n<td>DateSamedi 10 mai 2025<\/td>\n<td>Horaires10h10 &#8211; 10h40<\/td>\n<td>Cha\u00eeneCanal+ Sport 360<\/td>\n<\/tr>\n<tr>\n<td>S\u00e9anceQualifications<\/td>\n<td>DateSamedi 10 mai 2025<\/td>\n<td>Horaires10h50 &#8211; 11h30<\/td>\n<td>Cha\u00eeneCanal+ Sport 360<\/td>\n<\/tr>\n<tr>\n<td>S\u00e9anceSprint<\/td>\n<td>DateSamedi 10 mai 2025<\/td>\n<td>Horaires15h00<\/td>\n<td>Cha\u00eeneCanal+<\/td>\n<\/tr>\n<tr>\n<td>S\u00e9anceCourse<\/td>\n<td>DateDimanche 11 mai 2025<\/td>\n<td>HorairesD\u00e9part \u00e0 14h00<\/td>\n<td>Cha\u00eeneCanal+ (en clair)<\/td>\n<\/tr>\n<p> <img decoding=\"async\" src=\"https:\/\/www.europesays.com\/fr\/wp-content\/uploads\/2025\/07\/gilles-rousset-favier.webp.webp\" alt=\"Gilles Rousset-Favier\" width=\"120\" height=\"120\" class=\"visu-auteur\" loading=\"lazy\"\/><\/p>\n<p class=\"short-txt\"> Journaliste sp\u00e9cialis\u00e9 dans les sports m\u00e9caniques (F1, WEC, FE, MotoGP)<\/p>\n<p> Notez cet article<\/p>\n<p> 4.8\/5 ( 2 votes)<\/p>\n<p>  Publi\u00e9 le  08\/05\/2025 \u00e0 11:15  <\/p>\n<p><script async src=\"https:\/\/platform.twitter.com\/widgets.js\" charset=\"utf-8\"><\/script><\/p>\n","protected":false},"excerpt":{"rendered":"Le MotoGP pose ses bagages au Mans pour le Grand Prix de France. Un GP qui rev\u00eat une&hellip;\n","protected":false},"author":2,"featured_media":271812,"comment_status":"","ping_status":"","sticky":false,"template":"","format":"standard","meta":{"footnotes":""},"categories":[1413],"tags":[1011,27,1457,1456,1458,60,27313,622],"class_list":{"0":"post-271811","1":"post","2":"type-post","3":"status-publish","4":"format-standard","5":"has-post-thumbnail","7":"category-moto","8":"tag-fr","9":"tag-france","10":"tag-moto","11":"tag-motocycle","12":"tag-motogp","13":"tag-sports","14":"tag-tout-le-sport","15":"tag-toute-lu0027actualitu00e9"},"share_on_mastodon":{"url":"https:\/\/pubeurope.com\/@fr\/114911498196383785","error":""},"_links":{"self":[{"href":"https:\/\/www.europesays.com\/fr\/wp-json\/wp\/v2\/posts\/271811","targetHints":{"allow":["GET"]}}],"collection":[{"href":"https:\/\/www.europesays.com\/fr\/wp-json\/wp\/v2\/posts"}],"about":[{"href":"https:\/\/www.europesays.com\/fr\/wp-json\/wp\/v2\/types\/post"}],"author":[{"embeddable":true,"href":"https:\/\/www.europesays.com\/fr\/wp-json\/wp\/v2\/users\/2"}],"replies":[{"embeddable":true,"href":"https:\/\/www.europesays.com\/fr\/wp-json\/wp\/v2\/comments?post=271811"}],"version-history":[{"count":0,"href":"https:\/\/www.europesays.com\/fr\/wp-json\/wp\/v2\/posts\/271811\/revisions"}],"wp:featuredmedia":[{"embeddable":true,"href":"https:\/\/www.europesays.com\/fr\/wp-json\/wp\/v2\/media\/271812"}],"wp:attachment":[{"href":"https:\/\/www.europesays.com\/fr\/wp-json\/wp\/v2\/media?parent=271811"}],"wp:term":[{"taxonomy":"category","embeddable":true,"href":"https:\/\/www.europesays.com\/fr\/wp-json\/wp\/v2\/categories?post=271811"},{"taxonomy":"post_tag","embeddable":true,"href":"https:\/\/www.europesays.com\/fr\/wp-json\/wp\/v2\/tags?post=271811"}],"curies":[{"name":"wp","href":"https:\/\/api.w.org\/{rel}","templated":true}]}}