{"id":271819,"date":"2025-07-25T02:27:12","date_gmt":"2025-07-25T02:27:12","guid":{"rendered":"https:\/\/www.europesays.com\/fr\/271819\/"},"modified":"2025-07-25T02:27:12","modified_gmt":"2025-07-25T02:27:12","slug":"benjamin-pavard-feux-dartifice-et-robes-de-createurs-les-images-de-son-incroyable-mariage-avec-une-ancienne-candidate-de-tele-realite","status":"publish","type":"post","link":"https:\/\/www.europesays.com\/fr\/271819\/","title":{"rendered":"Benjamin Pavard : feux d\u2019artifice et robes de cr\u00e9ateurs , les images de son incroyable mariage avec une ancienne candidate de t\u00e9l\u00e9-r\u00e9alit\u00e9"},"content":{"rendered":"<p>Ils ont d\u00e9cid\u00e9 de sceller leur amour pour de bon, et d\u2019une majestueuse mani\u00e8re. Depuis 2022, <a href=\"https:\/\/www.public.fr\/maxime-gueny-tpmp-en-couple-avec-miss-provence-la-folle-rumeur\" target=\"_blank\" rel=\"noopener\">l\u2019ancienne Miss Provence<\/a> et candidate de <strong>P\u00e9kin Express<\/strong>, Kleofina Pnishi, et <a href=\"https:\/\/www.public.fr\/benjamin-pavard-blesse-la-photo-du-scandale\" target=\"_blank\" rel=\"noopener\">le footballeur de l\u2019Inter Milan<\/a>, Benjamin Pavard, coulent des jours heureux.<\/p>\n<p>Les tourtereaux n\u2019ont pas eu besoin de rester ensemble de nombreuses ann\u00e9es avant de passer \u00e0 l\u2019\u00e9tape sup\u00e9rieure. En effet, l\u2019ex-reine de beaut\u00e9 et <a href=\"https:\/\/www.instagram.com\/benpavard21\/?hl=fr\" target=\"_blank\" rel=\"noopener\">le champion du monde 2018<\/a> avec l\u2019\u00c9quipe de France <a href=\"https:\/\/www.public.fr\/diaporamas\/benjamin-pavard-bientot-marie-cette-ancienne-miss-a-dit-oui-au-celebre-joueur-de-lequipe-de-france\" target=\"_blank\" rel=\"noopener\">viennent de se marier<\/a> comme le r\u00e9v\u00e8lent nos confr\u00e8res de Vogue France.\u00a0<\/p>\n<p>Pour leur union, Benjamin Pavard et sa muse ont choisi la c\u00f4t\u00e9 amalfitaine afin de c\u00e9l\u00e9brer leur union sur plusieurs jours. Du 17 au 19 juillet 2025, les jeunes mari\u00e9s et leurs proches ont en effet fait la f\u00eate dans un incroyable cadre, sous le signe de la mode.\u00a0<\/p>\n<p>Mariage f\u00e9\u00e9rique pour Benjamin Pavard et Kleofina Pnishi<\/p>\n<p>Leur mariage civil a d\u2019abord eu lieu dans une abbaye en ruine \u00e0 Ravello. Le mariage religieux et leur grand d\u00eener festif ont, eux, eu lieu \u00e0 Giardini del Fuenti, sur la falaise surplombant la mer Tyrrh\u00e9nienne.<\/p>\n<p>Grande fan de mode, Kleofina Pnishi a profit\u00e9 de son mariage pour porter plusieurs robes de cr\u00e9ateurs. \u00ab\u00a0J\u2019ai eu la chance de pouvoir porter diff\u00e9rentes\u00a0robes\u00a0qui repr\u00e9sentaient mes diff\u00e9rentes facettes\u00a0\u00bb, explique-t-elle \u00e0 Vogue France.<\/p>\n<p>Avant de d\u00e9tailler : \u00ab\u00a0d\u2019une robe minimaliste in\u00e9dite\u00a0<strong>Danielle Frankel<\/strong>\u00a0pour le civil, \u00e0 une cr\u00e9ation\u00a0vintage\u00a0<strong>Versace<\/strong>\u00a0en passant par une robe de mari\u00e9e grandiose\u00a0<strong>Nicole et Felicia<\/strong>, ou un look\u00a0<strong>Jacquemus<\/strong>\u00a0accord\u00e9 \u00e0 celui de Benjamin et j\u2019ai fini par porter une robe sign\u00e9e\u00a0<strong>Diana Qerimi,<\/strong>\u00a0une cr\u00e9atrice du Kosovo, en crochet totalement fait main\u00a0\u00bb.<\/p>\n<p>Pas de robe \u00e0 trois mois de l&rsquo;union pour l&rsquo;ancienne Miss Provence<\/p>\n<p>S\u2019il s\u2019agit d\u2019une r\u00e9ussite vestimentairement parlant, la femme de Benjamin Pavard a pourtant eu une frayeur \u00e0 seulement trois mois de son mariage. En effet, elle n\u2019avait pas encore sa robe alors que l\u2019union approchait \u00e0 grand pas.\u00a0<\/p>\n<p>\u00ab\u00a0<strong>Je n\u2019avais pas du tout ma robe \u00e0 trois mois du mariage<\/strong>. Je sais que \u00e7a peut sembler fou, mais j\u2019\u00e9tais persuad\u00e9e que je devais attendre de ressentir le bon moment, plut\u00f4t que de me pr\u00e9cipiter. Et finalement, c\u2019est arriv\u00e9 comme une \u00e9vidence, presque au dernier moment\u00a0\u00bb, r\u00e9v\u00e8le la jeune mari\u00e9e.<\/p>\n<p>Si la femme de Benjamin Pavard a attendu aussi longtemps, c\u2019est parce qu\u2019elle souhaitait choisir LA bonne robe pour ce jour si sp\u00e9cial. \u00ab\u00a0Ce qui rend ma robe encore plus sp\u00e9ciale, c\u2019est le symbole qu\u2019elle porte : elle a \u00e9t\u00e9 pens\u00e9e autour de ce que je ressens pour\u00a0<strong>Benjamin<\/strong>. Quand\u00a0<strong>Nicole<\/strong>\u00a0m\u2019a dit : \u2018Tu dois te sentir dans ta robe de mari\u00e9e comme ton fianc\u00e9 te fait te sentir\u2019, \u00e7a a chang\u00e9 toute ma mani\u00e8re de choisir. Ce n\u2019\u00e9tait plus une question de coupe ou de tendance, mais d\u2019\u00e9motion. Chaque d\u00e9tail, du volume \u00e0 la mati\u00e8re, \u00e9tait un reflet de ce lien\u00a0\u00bb, explique en effet l\u2019ancienne Miss Provence.\u00a0<\/p>\n<blockquote class=\"twitter-tweet\">\n<p>\ud83d\udea8 Benjamin Pavard s\u2019est mari\u00e9 ! Le footballeur nordiste, qui \u00e9volue actuellement a l\u2019Inter de Milan a dit \u00ab\u00a0oui\u00a0\u00bb \u00e0 sa compagne, l\u2019influenceuse et mannequin Kleofina Pnishi.<\/p>\n<p>C\u2019est ce vendredi 18 juillet que Benjamin Pavard et Kleofina Pnishi se sont unis pour la vie dans l\u2019abbaye\u2026 <a href=\"https:\/\/t.co\/Jp1hoUXWQR\">pic.twitter.com\/Jp1hoUXWQR<\/a><\/p>\n<p>\u2014 GOSSIP ROOM (@GossipRoomOff) <a href=\"https:\/\/twitter.com\/GossipRoomOff\/status\/1948393055159034271?ref_src=twsrc%5Etfw\" target=\"_blank\" rel=\"noopener\">July 24, 2025<\/a><\/p><\/blockquote>\n<p>      Mentionn\u00e9s dans cet article<\/p>\n<p>\u00c0 lire aussi<\/p>\n<p><script async src=\"https:\/\/platform.twitter.com\/widgets.js\" charset=\"utf-8\"><\/script><script async src=\"\/\/www.instagram.com\/embed.js\"><\/script><\/p>\n","protected":false},"excerpt":{"rendered":"Ils ont d\u00e9cid\u00e9 de sceller leur amour pour de bon, et d\u2019une majestueuse mani\u00e8re. Depuis 2022, l\u2019ancienne Miss&hellip;\n","protected":false},"author":2,"featured_media":271820,"comment_status":"","ping_status":"","sticky":false,"template":"","format":"standard","meta":{"footnotes":""},"categories":[1359],"tags":[4786,58,59,64,1011,27,1930,41136,973],"class_list":{"0":"post-271819","1":"post","2":"type-post","3":"status-publish","4":"format-standard","5":"has-post-thumbnail","7":"category-people","8":"tag-benjamin-pavard","9":"tag-divertissement","10":"tag-entertainment","11":"tag-equipe-de-france","12":"tag-fr","13":"tag-france","14":"tag-mariage","15":"tag-miss-provence","16":"tag-people"},"share_on_mastodon":{"url":"https:\/\/pubeurope.com\/@fr\/114911513326013186","error":""},"_links":{"self":[{"href":"https:\/\/www.europesays.com\/fr\/wp-json\/wp\/v2\/posts\/271819","targetHints":{"allow":["GET"]}}],"collection":[{"href":"https:\/\/www.europesays.com\/fr\/wp-json\/wp\/v2\/posts"}],"about":[{"href":"https:\/\/www.europesays.com\/fr\/wp-json\/wp\/v2\/types\/post"}],"author":[{"embeddable":true,"href":"https:\/\/www.europesays.com\/fr\/wp-json\/wp\/v2\/users\/2"}],"replies":[{"embeddable":true,"href":"https:\/\/www.europesays.com\/fr\/wp-json\/wp\/v2\/comments?post=271819"}],"version-history":[{"count":0,"href":"https:\/\/www.europesays.com\/fr\/wp-json\/wp\/v2\/posts\/271819\/revisions"}],"wp:featuredmedia":[{"embeddable":true,"href":"https:\/\/www.europesays.com\/fr\/wp-json\/wp\/v2\/media\/271820"}],"wp:attachment":[{"href":"https:\/\/www.europesays.com\/fr\/wp-json\/wp\/v2\/media?parent=271819"}],"wp:term":[{"taxonomy":"category","embeddable":true,"href":"https:\/\/www.europesays.com\/fr\/wp-json\/wp\/v2\/categories?post=271819"},{"taxonomy":"post_tag","embeddable":true,"href":"https:\/\/www.europesays.com\/fr\/wp-json\/wp\/v2\/tags?post=271819"}],"curies":[{"name":"wp","href":"https:\/\/api.w.org\/{rel}","templated":true}]}}