{"id":271821,"date":"2025-07-25T02:29:47","date_gmt":"2025-07-25T02:29:47","guid":{"rendered":"https:\/\/www.europesays.com\/fr\/271821\/"},"modified":"2025-07-25T02:29:47","modified_gmt":"2025-07-25T02:29:47","slug":"quels-nouveaux-livres-pour-les-auteurs-de-la-region-de-verviers","status":"publish","type":"post","link":"https:\/\/www.europesays.com\/fr\/271821\/","title":{"rendered":"Quels nouveaux livres pour les auteurs de la r\u00e9gion de Verviers\u00a0?"},"content":{"rendered":"<p class=\"ap-StoryElement ap-StoryElement--mb js-paywall-target ap-StoryText\">Infos : <a href=\"http:\/\/fabrice-mairlot.com\/\" target=\"_blank\" rel=\"nofollow noopener\">fabrice-mairlot.com<\/a><\/p>\n<p><img loading=\"lazy\" decoding=\"async\" class=\"w-full lazyload lazyload--opacity object-contain\" style=\"aspect-ratio:64 \/ 100;opacity:1\" alt=\"&quot;Les Secrets du ph\u00e9nix&quot;, roman de Fabrice Mairlot, le directeur g\u00e9n\u00e9ral de la Commune de Pliombi\u00e8res.\" width=\"768\" height=\"1193\" fetchpriority=\"auto\" src=\"https:\/\/www.europesays.com\/fr\/wp-content\/uploads\/2025\/05\/S5VKD3X55FFF3BW6V4SEHXNP7I.png\"  data- data-optimumx=\"1\"\/>\u00ab\u00a0Les Secrets du ph\u00e9nix\u00a0\u00bb, roman de Fabrice Mairlot, le directeur g\u00e9n\u00e9ral de la Commune de Pliombi\u00e8res. \u00a9DR2. R\u00e9\u00e9dition du \u00ab\u00a0Baron de Rechain\u00a0\u00bb, du Dr Henri HANS (1876-1944)<\/p>\n<p class=\"ap-StoryElement ap-StoryElement--mb ap-StoryText\">Le Dr Hans \u00e9tait un historien, sp\u00e9cialiste de la r\u00e9gion de Petit-Rechain et Grand-Rechain. Il a collabor\u00e9 \u00e0 plusieurs Bulletins de la Soci\u00e9t\u00e9 vervi\u00e9toise d&rsquo;arch\u00e9ologie et d&rsquo;histoire dans les ann\u00e9es 1920. Il a \u00e9crit un seul roman : Le Baron de Rechain. Les \u00e9ditions Le Conil&rsquo;ivre, de Robin Putzeys, viennent de r\u00e9\u00e9diter cet ouvrage qui est \u00e0 mi-chemin entre le roman de chevalerie et le livre d&rsquo;histoire locale.<\/p>\n<p class=\"ap-StoryElement ap-StoryElement--mb ap-StoryText\">Infos : <a href=\"http:\/\/www.amazon.fr\/dp\/B0FF4WRQ88\" target=\"_blank\" rel=\"nofollow noopener\">www.amazon.fr\/dp\/B0FF4WRQ88<\/a><\/p>\n<p><img loading=\"lazy\" decoding=\"async\" class=\"w-full lazyload lazyload--opacity object-contain\" style=\"aspect-ratio:70 \/ 100;opacity:1\" alt=\"&quot;Le Baron de Rechain&quot;, l'unique roman du Dr Henri Hans (1876 - 1944).\" width=\"768\" height=\"1098\" fetchpriority=\"auto\" src=\"https:\/\/www.europesays.com\/fr\/wp-content\/uploads\/2025\/05\/S5VKD3X55FFF3BW6V4SEHXNP7I.png\"  data- data-optimumx=\"1\"\/>\u00ab\u00a0Le Baron de Rechain\u00a0\u00bb, l&rsquo;unique roman du Dr Henri Hans (1876 &#8211; 1944). \u00a9DR<\/p>\n<p class=\"ap-StoryElement ap-StoryElement--mb ap-StoryText\">Pour nous joindre pour cette rubrique consacr\u00e9e aux auteurs de la r\u00e9gion vervi\u00e9toise, envoyez un mail \u00e0 <a href=\"https:\/\/mailto:infolj@lavenir.net\/\" target=\"_blank\" rel=\"nofollow noopener\">infolj@lavenir.net<\/a><\/p>\n","protected":false},"excerpt":{"rendered":"Infos : fabrice-mairlot.com \u00ab\u00a0Les Secrets du ph\u00e9nix\u00a0\u00bb, roman de Fabrice Mairlot, le directeur g\u00e9n\u00e9ral de la Commune de&hellip;\n","protected":false},"author":2,"featured_media":271822,"comment_status":"","ping_status":"","sticky":false,"template":"","format":"standard","meta":{"footnotes":""},"categories":[1357],"tags":[1379,58,59,1011,27,1380,41137,41138],"class_list":{"0":"post-271821","1":"post","2":"type-post","3":"status-publish","4":"format-standard","5":"has-post-thumbnail","7":"category-livres","8":"tag-books","9":"tag-divertissement","10":"tag-entertainment","11":"tag-fr","12":"tag-france","13":"tag-livres","14":"tag-plombieres","15":"tag-verviers"},"share_on_mastodon":{"url":"https:\/\/pubeurope.com\/@fr\/114911525313489623","error":""},"_links":{"self":[{"href":"https:\/\/www.europesays.com\/fr\/wp-json\/wp\/v2\/posts\/271821","targetHints":{"allow":["GET"]}}],"collection":[{"href":"https:\/\/www.europesays.com\/fr\/wp-json\/wp\/v2\/posts"}],"about":[{"href":"https:\/\/www.europesays.com\/fr\/wp-json\/wp\/v2\/types\/post"}],"author":[{"embeddable":true,"href":"https:\/\/www.europesays.com\/fr\/wp-json\/wp\/v2\/users\/2"}],"replies":[{"embeddable":true,"href":"https:\/\/www.europesays.com\/fr\/wp-json\/wp\/v2\/comments?post=271821"}],"version-history":[{"count":0,"href":"https:\/\/www.europesays.com\/fr\/wp-json\/wp\/v2\/posts\/271821\/revisions"}],"wp:featuredmedia":[{"embeddable":true,"href":"https:\/\/www.europesays.com\/fr\/wp-json\/wp\/v2\/media\/271822"}],"wp:attachment":[{"href":"https:\/\/www.europesays.com\/fr\/wp-json\/wp\/v2\/media?parent=271821"}],"wp:term":[{"taxonomy":"category","embeddable":true,"href":"https:\/\/www.europesays.com\/fr\/wp-json\/wp\/v2\/categories?post=271821"},{"taxonomy":"post_tag","embeddable":true,"href":"https:\/\/www.europesays.com\/fr\/wp-json\/wp\/v2\/tags?post=271821"}],"curies":[{"name":"wp","href":"https:\/\/api.w.org\/{rel}","templated":true}]}}