{"id":271823,"date":"2025-07-25T02:30:20","date_gmt":"2025-07-25T02:30:20","guid":{"rendered":"https:\/\/www.europesays.com\/fr\/271823\/"},"modified":"2025-07-25T02:30:20","modified_gmt":"2025-07-25T02:30:20","slug":"stephane-responsable-du-meurtre-de-fred-yann-indecis-apres-avoir-trompe-johanna-le-resume-de-lepisode-1713-du-vendredi-25-juillet-2025","status":"publish","type":"post","link":"https:\/\/www.europesays.com\/fr\/271823\/","title":{"rendered":"St\u00e9phane responsable du meurtre de Fred ? Yann ind\u00e9cis apr\u00e8s avoir tromp\u00e9 Johanna&#8230; Le r\u00e9sum\u00e9 de l&rsquo;\u00e9pisode 1713 du vendredi 25 juillet 2025"},"content":{"rendered":"<p><b>Vendredi 25 juillet 2025 dans <\/b><b>Un si grand soleil,<\/b> <a href=\"https:\/\/www.programme-tv.net\/news\/series-tv\/359908-surprise-le-nouveau-feuilleton-quotidien-de-m6-annonce-par-france-2-et-tourne-dans-les-studios-d-un-si-grand-soleil\/\" data-api-deeplink=\"teleloisirs:\/\/news\/359908\" target=\"_blank\" rel=\"noopener\">tourn\u00e9e dans les m\u00eames studios qu&rsquo;un autre feuilleton<\/a>&#8230; Au petit matin, Achille est soulag\u00e9. Au t\u00e9l\u00e9phone avec Charlotte, il apprend que sa petite amie revient au lyc\u00e9e aujourd&rsquo;hui. C\u00e9cile arrive alors et rassure son fils sur les charges restantes contre la jeune fille. En tout cas, la juge ne manque pas de dire tout le bien qu&rsquo;elle pense de la fille de Marie-Sophie, malgr\u00e9 ses a priori initiaux. Par la suite, apr\u00e8s des retrouvailles enflamm\u00e9es avec Achille, la jeune fille est convoqu\u00e9e chez le juge. Elle y retrouve sa m\u00e8re, mais aussi son p\u00e8re, sorti de l&rsquo;h\u00f4pital apr\u00e8s quelques recommandations de Janet &#8211; jou\u00e9e par<a href=\"https:\/\/www.programme-tv.net\/news\/series-tv\/340993-un-si-grand-soleil-tonya-kinzinger-ne-voulait-pas-retourner-a-st-tropez-apres-la-fin-de-sous-le-soleil-elle-explique-pourquoi\/\" data-api-deeplink=\"teleloisirs:\/\/news\/340993\" target=\"_blank\" rel=\"noopener\"> une ancienne star de Sous le soleil<\/a>. Suivant l&rsquo;argumentaire de Florent, le juge Laplace d\u00e9cide de condamner Charlotte \u00e0 seulement 1 000 euros d&rsquo;amende et 130 heures de travaux d&rsquo;int\u00e9r\u00eat g\u00e9n\u00e9ral \u00e0 l&rsquo;h\u00f4pital. Une peine plut\u00f4t cl\u00e9mente. Mais rentrant \u00e0 la maison, Sohan et Marie-Sophie sont surpris de voir leur fille se plaindre de cette conclusion. Elle est heureusement vite remise \u00e0 sa place par ses parents&#8230;<\/p>\n<p>                        Un si grand soleil en avance : Un nouveau suspect est point\u00e9 du doigt dans l&rsquo;enqu\u00eate&#8230;<\/p>\n<p>De leurs c\u00f4t\u00e9s, Tha\u00efs et Elise avancent. En d\u00e9but de journ\u00e9e, elles arrivent dans le bureau de Becker pour leur pr\u00e9senter un nouveau suspect, en lien avec le fameux pick-up rouge. Il s&rsquo;agit d&rsquo;un certain St\u00e9phane Tulli, d\u00e9j\u00e0 condamn\u00e9 pour trafic de stup\u00e9fiant, et surtout habitant \u00e0 proximit\u00e9 du lieu du drame. Par ailleurs, il aurait \u00e9t\u00e9 le complice de Fred Rami. Le mari de Janet, ravi de cette enqu\u00eate, demande au juge le mandat d&rsquo;arrestation&#8230;<\/p>\n<p>Un si grand soleil en avance : Yann ind\u00e9cis, Claudine pi\u00e9g\u00e9e<\/p>\n<p>Le r\u00e9veil est difficile pour Yann apr\u00e8s sa soir\u00e9e pass\u00e9e avec Lucie ! Pr\u00e9textant une grosse enqu\u00eate, il d\u00e9cide de partir t\u00f4t, mais n&rsquo;\u00e9vite pas Johanna, devant qui il se montre fuyant. \u00c0 son ami Hugo, il raconte tout, et aussi sa culpabilit\u00e9. Alors que <a href=\"https:\/\/www.programme-tv.net\/news\/series-tv\/382491-un-si-grand-soleil-en-avance-johanna-et-yann-se-marient-enfin-dardel-arrete-alix-liberee-les-resumes-des-episodes-1691-et-1692-du-jeudi-3-juillet-2025\/\" data-api-deeplink=\"teleloisirs:\/\/news\/382491\" target=\"_blank\" rel=\"noopener\">le nouveau mari\u00e9<\/a> veut en parler \u00e0 sa femme, le l\u00e9giste lui conseille de ne rien dire, pour \u00e9viter de tout briser&#8230; De son c\u00f4t\u00e9, Lucie ne semble pas dispos\u00e9e \u00e0 laisser tomber ce flirt. Ainsi, elle l&rsquo;appelle pour lui proposer des places de concert. Apr\u00e8s une h\u00e9sitation, le flic refuse. Si la jeune femme fait mine d&rsquo;\u00eatre d\u00e9tach\u00e9e, elle semble compl\u00e8tement \u00e9prise, et happ\u00e9e, alors qu&rsquo;elle re\u00e7oit Ludo (<a href=\"https:\/\/www.programme-tv.net\/news\/series-tv\/333578-exclu-le-debut-dune-nouvelle-aventure-folco-marchi-ludo-dans-un-si-grand-soleil-annonce-etre-papa-pour-la-deuxieme-fois\/\" data-api-deeplink=\"teleloisirs:\/\/news\/333578\" target=\"_blank\" rel=\"noopener\">l&rsquo;heureux p\u00e8re de deux enfants<\/a> Folco Marchi) en s\u00e9ance, et qu&rsquo;elle ne l&rsquo;\u00e9coute pas. Le d\u00e9but des ennuis ? <br \/>De son c\u00f4t\u00e9, Claudine continue \u00e0 jouer de tout son argumentaire pour parvenir \u00e0 convaincre Rodolphe de choisir BGL comme nouveau conseil juridique. L&rsquo;aspect financier finit par interpeller l&rsquo;homme d&rsquo;affaires, avant qu&rsquo;il ne quitte l&rsquo;avocate pr\u00eate \u00e0 tout. Mais, une fois la coll\u00e8gue de Florent partie, il passe un coup de fil, expliquant \u00e0 son interlocuteur que \u00ab\u00a0Tout s&rsquo;est pass\u00e9 comme pr\u00e9vu !\u00a0\u00bb. Claudine va-t-elle \u00eatre prise \u00e0 son propre pi\u00e8ge ?<\/p>\n<p>            Un si grand soleil en avance : Arrestation d&rsquo;un nouveau suspect, du sang retrouv\u00e9 par Elise et Hugo<\/p>\n<p>Le soir venu, Elise et Tha\u00efs planquent jusqu&rsquo;\u00e0 l&rsquo;arriv\u00e9e de St\u00e9phane Tulli dans le fameux pick-up. Celui-ci semble tomber des nues au moment de son arrestation. Plus tard, c&rsquo;est l&rsquo;heure pour Hugo d&rsquo;examiner le v\u00e9hicule. Tr\u00e8s vite, sa conclusion tombe, devant une Elise m\u00e9dus\u00e9e. Il y a du sang \u00e0 l&rsquo;arri\u00e8re du v\u00e9hicule. St\u00e9phane a-t-il tu\u00e9 Fred ?<\/p>\n","protected":false},"excerpt":{"rendered":"Vendredi 25 juillet 2025 dans Un si grand soleil, tourn\u00e9e dans les m\u00eames studios qu&rsquo;un autre feuilleton&#8230; Au&hellip;\n","protected":false},"author":2,"featured_media":271824,"comment_status":"","ping_status":"","sticky":false,"template":"","format":"standard","meta":{"footnotes":""},"categories":[1356],"tags":[244,58,59,1011,27,876,22198,252,1364,9766,26118,26117],"class_list":{"0":"post-271823","1":"post","2":"type-post","3":"status-publish","4":"format-standard","5":"has-post-thumbnail","7":"category-television","8":"tag-commentaire","9":"tag-divertissement","10":"tag-entertainment","11":"tag-fr","12":"tag-france","13":"tag-france-3","14":"tag-france-tv","15":"tag-television","16":"tag-tv","17":"tag-un-si-grand-soleil","18":"tag-un-si-grand-soleil-ru00e9sumu00e9","19":"tag-un-si-grand-soleil-ru00e9sumu00e9-en-avance"},"share_on_mastodon":{"url":"https:\/\/pubeurope.com\/@fr\/114911525374356180","error":""},"_links":{"self":[{"href":"https:\/\/www.europesays.com\/fr\/wp-json\/wp\/v2\/posts\/271823","targetHints":{"allow":["GET"]}}],"collection":[{"href":"https:\/\/www.europesays.com\/fr\/wp-json\/wp\/v2\/posts"}],"about":[{"href":"https:\/\/www.europesays.com\/fr\/wp-json\/wp\/v2\/types\/post"}],"author":[{"embeddable":true,"href":"https:\/\/www.europesays.com\/fr\/wp-json\/wp\/v2\/users\/2"}],"replies":[{"embeddable":true,"href":"https:\/\/www.europesays.com\/fr\/wp-json\/wp\/v2\/comments?post=271823"}],"version-history":[{"count":0,"href":"https:\/\/www.europesays.com\/fr\/wp-json\/wp\/v2\/posts\/271823\/revisions"}],"wp:featuredmedia":[{"embeddable":true,"href":"https:\/\/www.europesays.com\/fr\/wp-json\/wp\/v2\/media\/271824"}],"wp:attachment":[{"href":"https:\/\/www.europesays.com\/fr\/wp-json\/wp\/v2\/media?parent=271823"}],"wp:term":[{"taxonomy":"category","embeddable":true,"href":"https:\/\/www.europesays.com\/fr\/wp-json\/wp\/v2\/categories?post=271823"},{"taxonomy":"post_tag","embeddable":true,"href":"https:\/\/www.europesays.com\/fr\/wp-json\/wp\/v2\/tags?post=271823"}],"curies":[{"name":"wp","href":"https:\/\/api.w.org\/{rel}","templated":true}]}}