{"id":271836,"date":"2025-07-25T02:38:12","date_gmt":"2025-07-25T02:38:12","guid":{"rendered":"https:\/\/www.europesays.com\/fr\/271836\/"},"modified":"2025-07-25T02:38:12","modified_gmt":"2025-07-25T02:38:12","slug":"decision-precipitee-victoire-morale-la-classe-politique-divisee-apres-lannonce-de-macron","status":"publish","type":"post","link":"https:\/\/www.europesays.com\/fr\/271836\/","title":{"rendered":"\u00ab\u00a0D\u00e9cision pr\u00e9cipit\u00e9e\u00a0\u00bb, \u00ab\u00a0victoire morale\u00a0\u00bb\u2026 La classe politique divis\u00e9e apr\u00e8s l\u2019annonce de Macron"},"content":{"rendered":"<p>L\u2019annonce d\u2019Emmanuel Macron sur <a href=\"https:\/\/www.20minutes.fr\/monde\/4165213-20250724-emmanuel-macron-annonce-france-va-reconnaitre-etat-palestine-septembre-onu\" target=\"_blank\" class=\"color-ultramarine c-link\" rel=\"nofollow noopener\">la reconnaissance prochaine de l\u2019Etat de Palestine<\/a> a provoqu\u00e9 une onde de choc dans le paysage politique fran\u00e7ais, entre applaudissements enthousiastes, critiques virulentes et appels \u00e0 des mesures imm\u00e9diates. Le chef de l\u2019Etat a indiqu\u00e9 qu\u2019il ferait cette d\u00e9claration solennelle en septembre, \u00e0 la tribune de l\u2019<a href=\"https:\/\/www.20minutes.fr\/monde\/onu\/\" target=\"_blank\" class=\"color-ultramarine c-link\" rel=\"nofollow noopener\">ONU<\/a>. Une d\u00e9cision \u00ab\u00a0historique\u00a0\u00bb pour certains, \u00ab\u00a0pr\u00e9cipit\u00e9e\u00a0\u00bb et \u00ab\u00a0\u00e9lectoraliste\u00a0\u00bb pour d\u2019autres.<\/p>\n<p>Du c\u00f4t\u00e9 du <a href=\"https:\/\/www.20minutes.fr\/politique\/rassemblement-national\/\" target=\"_blank\" class=\"color-ultramarine c-link\" rel=\"nofollow noopener\">Rassemblement national<\/a>, <a href=\"https:\/\/www.20minutes.fr\/politique\/jordan-bardella\/\" target=\"_blank\" class=\"color-ultramarine c-link\" rel=\"nofollow noopener\">Jordan Bardella<\/a> d\u00e9nonce une initiative dangereuse qui pourrait selon lui renforcer le Hamas. \u00ab\u00a0Cette d\u00e9cision pr\u00e9cipit\u00e9e, davantage motiv\u00e9e par des consid\u00e9rations politiques personnelles que par une sinc\u00e8re recherche de justice et de paix, accordera au <a href=\"https:\/\/www.20minutes.fr\/monde\/hamas\/\" target=\"_blank\" class=\"color-ultramarine c-link\" rel=\"nofollow noopener\">Hamas<\/a> une l\u00e9gitimit\u00e9 institutionnelle et internationale inesp\u00e9r\u00e9e\u00a0\u00bb, a-t-il lanc\u00e9. S\u00e9bastien Chenu \u00e9crit sur X\u00a0: \u00ab\u00a0Finalement le terrorisme \u00e7a paye #Palestine\u00a0\u00bb<\/p>\n<p>La gauche radicale c\u00e9l\u00e8bre une \u00ab\u00a0victoire morale\u00a0\u00bb<\/p>\n<p>A l\u2019oppos\u00e9, la gauche radicale juge l\u2019annonce trop tardive. <a href=\"https:\/\/www.20minutes.fr\/politique\/jean-luc-melenchon\/\" target=\"_blank\" class=\"color-ultramarine c-link\" rel=\"nofollow noopener\">Jean-Luc M\u00e9lenchon<\/a> salue une \u00ab\u00a0victoire morale\u00a0\u00bb, mais d\u00e9plore qu\u2019elle soit report\u00e9e \u00e0 septembre. \u00ab\u00a0Pourquoi en septembre et pas maintenant\u00a0? Et l\u2019embargo sur les armes\u00a0? Et la rupture de l\u2019accord de coop\u00e9ration\u00a0? Nous voulons l\u2019arr\u00eat imm\u00e9diat du g\u00e9nocide\u00a0\u00bb, a-t-il exig\u00e9. Le leader de <a href=\"https:\/\/www.20minutes.fr\/politique\/france-insoumise\/\" target=\"_blank\" class=\"color-ultramarine c-link\" rel=\"nofollow noopener\">LFI<\/a> appelle \u00e0 un \u00ab\u00a0engagement clair et imm\u00e9diat contre le crime\u00a0\u00bb. Et <a href=\"https:\/\/www.20minutes.fr\/politique\/mathilde-panot\/\" target=\"_blank\" class=\"color-ultramarine c-link\" rel=\"nofollow noopener\">Mathilde Panot<\/a> d\u2019affirmer sur X\u00a0: \u00ab\u00a022 mois apr\u00e8s le d\u00e9but du g\u00e9nocide, c\u2019est indispensable et c\u2019est une victoire de la mobilisation populaire.\u00a0\u00bb<\/p>\n<\/p>\n<p>M\u00eame tonalit\u00e9 chez les <a href=\"https:\/\/www.20minutes.fr\/politique\/eelv\/\" target=\"_blank\" class=\"color-ultramarine c-link\" rel=\"nofollow noopener\">\u00e9cologistes<\/a>, o\u00f9 <a href=\"https:\/\/www.20minutes.fr\/politique\/marine-tondelier\/\" target=\"_blank\" class=\"color-ultramarine c-link\" rel=\"nofollow noopener\">Marine Tondelier<\/a> se montre prudente\u00a0: \u00ab\u00a0Mieux vaut tard que jamais. Esp\u00e9rons que cette annonce aide d\u00e8s \u00e0 pr\u00e9sent les <a href=\"https:\/\/www.20minutes.fr\/monde\/gaza\/\" target=\"_blank\" class=\"color-ultramarine c-link\" rel=\"nofollow noopener\">Gazaouis<\/a> victimes d\u2019un g\u00e9nocide en cours\u00a0\u00bb. Du c\u00f4t\u00e9 du Parti communiste, Fabien Roussel insiste\u00a0: \u00ab\u00a0L\u2019heure est aux actes pour sauver le peuple palestinien\u00a0! Qu\u2019il agisse pour sanctionner Netanyahou et son gouvernement\u00a0\u00bb. <a href=\"https:\/\/www.20minutes.fr\/politique\/olivier-faure\/\" target=\"_blank\" class=\"color-ultramarine c-link\" rel=\"nofollow noopener\">Olivier Faure<\/a> (PS), tout en saluant la d\u00e9cision pr\u00e9sidentielle, avertit qu\u2019elle \u00ab\u00a0doit \u00eatre assortie de sanctions tant que durera le g\u00e9nocide en cours\u00a0\u00bb.<\/p>\n<p>D\u00e9cision \u00ab\u00a0historique\u00a0\u00bb pour le camp pr\u00e9sidentiel<\/p>\n<p>La majorit\u00e9 pr\u00e9sidentielle assume une ligne de soutien forte. <a href=\"https:\/\/www.20minutes.fr\/politique\/marc-fesneau\/\" target=\"_blank\" class=\"color-ultramarine c-link\" rel=\"nofollow noopener\">Marc Fesneau<\/a> (MoDem) parle d\u2019une d\u00e9cision \u00ab\u00a0historique et tant attendue par le peuple palestinien et tous ceux qui forment le v\u0153u sinc\u00e8re d\u2019une solution \u00e0 deux Etats\u00a0\u00bb. <a href=\"https:\/\/www.20minutes.fr\/politique\/elisabeth-borne\/\" target=\"_blank\" class=\"color-ultramarine c-link\" rel=\"nofollow noopener\">Elisabeth Borne<\/a> rappelle que \u00ab\u00a0la solution \u00e0 deux Etats, dans des conditions clairement \u00e9nonc\u00e9es, est l\u2019unique chemin pour une paix et une s\u00e9curit\u00e9 durables au <a href=\"https:\/\/www.20minutes.fr\/monde\/proche-orient\/\" target=\"_blank\" class=\"color-ultramarine c-link\" rel=\"nofollow noopener\">Proche-Orient<\/a>\u00a0\u00bb. Fran\u00e7ois Rebsamen salue une \u00ab\u00a0parole claire et n\u00e9cessaire\u00a0\u00bb.<\/p>\n<p><a href=\"https:\/\/www.20minutes.fr\/monde\/palestine\/\" target=\"_blank\" class=\"c-link c-btn c-btn--primary\" rel=\"nofollow noopener\">Notre dossier sur la Palestine<\/a><\/p>\n<p>M\u00eame <a href=\"https:\/\/www.20minutes.fr\/dossier\/dominique_de_villepin\" target=\"_blank\" class=\"color-ultramarine c-link\" rel=\"nofollow noopener\">Dominique de Villepin<\/a>, ancien Premier ministre, y voit une initiative \u00ab\u00a0historique, attendue et courageuse\u00a0\u00bb, fid\u00e8le selon lui aux \u00ab\u00a0valeurs universelles\u00a0\u00bb de la France. Il appelle aussit\u00f4t Paris \u00e0 prendre la t\u00eate \u00ab\u00a0d\u2019une vaste op\u00e9ration humanitaire internationale\u00a0\u00bb vers Gaza. A droite, le rejet est net. <a href=\"https:\/\/www.20minutes.fr\/dossier\/eric_ciotti\" target=\"_blank\" class=\"color-ultramarine c-link\" rel=\"nofollow noopener\">Eric Ciotti<\/a> accuse Emmanuel Macron d\u2019agir \u00ab\u00a0pour de pures raisons \u00e9lectoralistes\u00a0\u00bb apr\u00e8s \u00ab\u00a0les massacres du 7\u00a0octobre\u00a0\u00bb. \u00ab\u00a0Apr\u00e8s trois d\u00e9faites \u00e9lectorales, le chef de l\u2019Etat n\u2019a plus aucune l\u00e9gitimit\u00e9 pour engager la France sur un sujet aussi sensible. C\u2019est au Parlement de se prononcer\u00a0\u00bb, estime-t-il.<\/p>\n","protected":false},"excerpt":{"rendered":"L\u2019annonce d\u2019Emmanuel Macron sur la reconnaissance prochaine de l\u2019Etat de Palestine a provoqu\u00e9 une onde de choc dans&hellip;\n","protected":false},"author":2,"featured_media":271837,"comment_status":"","ping_status":"","sticky":false,"template":"","format":"standard","meta":{"footnotes":""},"categories":[5],"tags":[47,11,1073,6537,1011,27,665,3519,14,3081,1077,14552,12,4393,3518,16950,316,7612,28],"class_list":{"0":"post-271836","1":"post","2":"type-post","3":"status-publish","4":"format-standard","5":"has-post-thumbnail","7":"category-international","8":"tag-actualite","9":"tag-actualites","10":"tag-emmanuel-macron","11":"tag-eric-ciotti","12":"tag-fr","13":"tag-france","14":"tag-gaza","15":"tag-hamas","16":"tag-international","17":"tag-jean-luc-melenchon","18":"tag-jordan-bardella","19":"tag-mathilde-panot","20":"tag-news","21":"tag-olivier-faure","22":"tag-palestine","23":"tag-parti-politique","24":"tag-politique","25":"tag-proche-orient","26":"tag-world"},"share_on_mastodon":{"url":"https:\/\/pubeurope.com\/@fr\/114911556570432951","error":""},"_links":{"self":[{"href":"https:\/\/www.europesays.com\/fr\/wp-json\/wp\/v2\/posts\/271836","targetHints":{"allow":["GET"]}}],"collection":[{"href":"https:\/\/www.europesays.com\/fr\/wp-json\/wp\/v2\/posts"}],"about":[{"href":"https:\/\/www.europesays.com\/fr\/wp-json\/wp\/v2\/types\/post"}],"author":[{"embeddable":true,"href":"https:\/\/www.europesays.com\/fr\/wp-json\/wp\/v2\/users\/2"}],"replies":[{"embeddable":true,"href":"https:\/\/www.europesays.com\/fr\/wp-json\/wp\/v2\/comments?post=271836"}],"version-history":[{"count":0,"href":"https:\/\/www.europesays.com\/fr\/wp-json\/wp\/v2\/posts\/271836\/revisions"}],"wp:featuredmedia":[{"embeddable":true,"href":"https:\/\/www.europesays.com\/fr\/wp-json\/wp\/v2\/media\/271837"}],"wp:attachment":[{"href":"https:\/\/www.europesays.com\/fr\/wp-json\/wp\/v2\/media?parent=271836"}],"wp:term":[{"taxonomy":"category","embeddable":true,"href":"https:\/\/www.europesays.com\/fr\/wp-json\/wp\/v2\/categories?post=271836"},{"taxonomy":"post_tag","embeddable":true,"href":"https:\/\/www.europesays.com\/fr\/wp-json\/wp\/v2\/tags?post=271836"}],"curies":[{"name":"wp","href":"https:\/\/api.w.org\/{rel}","templated":true}]}}