{"id":271838,"date":"2025-07-25T02:39:12","date_gmt":"2025-07-25T02:39:12","guid":{"rendered":"https:\/\/www.europesays.com\/fr\/271838\/"},"modified":"2025-07-25T02:39:12","modified_gmt":"2025-07-25T02:39:12","slug":"contact-perdu-avec-le-bateau-de-la-flottille-de-la-liberte","status":"publish","type":"post","link":"https:\/\/www.europesays.com\/fr\/271838\/","title":{"rendered":"Contact perdu avec le bateau de la \u00ab\u00a0Flottille de la libert\u00e9\u00a0\u00bb"},"content":{"rendered":"<p>Le myst\u00e8re s\u2019\u00e9paissit autour du Hamdala. Ce navire transportant de l\u2019aide humanitaire vers Gaza ne donne plus signe de vie, selon le service de presse de la <a href=\"https:\/\/www.20minutes.fr\/monde\/4164587-20250721-gaza-passagers-nouvelle-flottille-paix\" target=\"_blank\" class=\"color-ultramarine c-link\" rel=\"nofollow noopener\">\u00ab\u00a0Flottille pour la libert\u00e9\u00a0\u00bb<\/a>, une initiative internationale non violente de soutien aux <a href=\"https:\/\/www.20minutes.fr\/monde\/palestine\/\" target=\"_blank\" class=\"color-ultramarine c-link\" rel=\"nofollow noopener\">Palestiniens<\/a>. \u00ab\u00a0Nous avons perdu tout contact avec l\u2019\u00e9quipage du Hamdala\u00a0\u00bb, ont indiqu\u00e9 ses organisateurs jeudi soir via <a href=\"https:\/\/www.20minutes.fr\/dossier\/whatsapp\" target=\"_blank\" class=\"color-ultramarine c-link\" rel=\"nofollow noopener\">WhatsApp<\/a>.<\/p>\n<p>Le <a href=\"https:\/\/www.20minutes.fr\/dossier\/bateau\" target=\"_blank\" class=\"color-ultramarine c-link\" rel=\"nofollow noopener\">bateau<\/a>, un ancien chalutier norv\u00e9gien reconverti en navire humanitaire, avait quitt\u00e9 Syracuse, en Sicile, il y a une dizaine de jours avec \u00e0 son bord une quinzaine de militants et un chargement de mat\u00e9riel m\u00e9dical, nourriture, m\u00e9dicaments et \u00e9quipements pour enfants. Deux d\u00e9put\u00e9es fran\u00e7aises de <a href=\"https:\/\/www.20minutes.fr\/politique\/france-insoumise\/\" target=\"_blank\" class=\"color-ultramarine c-link\" rel=\"nofollow noopener\">La France Insoumise (LFI)<\/a>, Gabrielle Cathala et Emma Fourreau, faisaient partie de l\u2019\u00e9quipage.<\/p>\n<\/p>\n<p>Des drones aper\u00e7us dans les environs<\/p>\n<p>Peu avant la perte de communication, \u00ab\u00a0les communications ont \u00e9t\u00e9 brouill\u00e9es et de nombreux drones aper\u00e7us dans les environs. Cela pourrait signifier qu\u2019ils ont \u00e9t\u00e9 intercept\u00e9s ou attaqu\u00e9s\u00a0\u00bb, a pr\u00e9cis\u00e9 le service de presse du mouvement. D\u2019apr\u00e8s les donn\u00e9es de g\u00e9olocalisation, le navire se trouvait toujours en eaux internationales, au large de l\u2019<a href=\"https:\/\/www.20minutes.fr\/monde\/egypte\/\" target=\"_blank\" class=\"color-ultramarine c-link\" rel=\"nofollow noopener\">Egypte<\/a>, bien avant d\u2019avoir atteint les c\u00f4tes de Gaza.<\/p>\n<p><a href=\"https:\/\/www.20minutes.fr\/monde\/gaza\/\" target=\"_blank\" class=\"c-link c-btn c-btn--primary\" rel=\"nofollow noopener\">Notre dossier sur Gaza<\/a><\/p>\n<p>Le Hamdala est le second bateau affr\u00e9t\u00e9 par la \u00ab\u00a0Flottille\u00a0\u00bb cette ann\u00e9e. Le 1er\u00a0juin, le <a href=\"https:\/\/www.20minutes.fr\/monde\/4158734-20250616-flottille-gaza-trois-derniers-passagers-madleen-expulses-israel-vers-jordanie\" target=\"_blank\" class=\"color-ultramarine c-link\" rel=\"nofollow noopener\">Madleen<\/a>, un voilier \u00e9galement parti d\u2019Italie, avait tent\u00e9 de \u00ab\u00a0briser le blocus isra\u00e9lien\u00a0\u00bb. A son bord se trouvaient douze militants, dont l\u2019activiste su\u00e9doise <a href=\"https:\/\/www.20minutes.fr\/planete\/greta-thunberg\/\" target=\"_blank\" class=\"color-ultramarine c-link\" rel=\"nofollow noopener\">Greta Thunberg<\/a> et l\u2019eurod\u00e9put\u00e9e LFI <a href=\"https:\/\/www.20minutes.fr\/politique\/rima-hassan\/\" target=\"_blank\" class=\"color-ultramarine c-link\" rel=\"nofollow noopener\">Rima Hassan<\/a>. Le navire avait \u00e9t\u00e9 intercept\u00e9 \u00e0 environ 185 kilom\u00e8tres \u00e0 l\u2019ouest de Gaza. Rima Hassan avait \u00e9t\u00e9 d\u00e9tenue pendant trois jours par les autorit\u00e9s isra\u00e9liennes.<\/p>\n","protected":false},"excerpt":{"rendered":"Le myst\u00e8re s\u2019\u00e9paissit autour du Hamdala. Ce navire transportant de l\u2019aide humanitaire vers Gaza ne donne plus signe&hellip;\n","protected":false},"author":2,"featured_media":271839,"comment_status":"","ping_status":"","sticky":false,"template":"","format":"standard","meta":{"footnotes":""},"categories":[4],"tags":[47,11,16176,5160,30076,1011,27,665,664,1023,74,12,25,15442],"class_list":{"0":"post-271838","1":"post","2":"type-post","3":"status-publish","4":"format-standard","5":"has-post-thumbnail","7":"category-france","8":"tag-actualite","9":"tag-actualites","10":"tag-aide-humanitaire","11":"tag-bateau","12":"tag-flottille","13":"tag-fr","14":"tag-france","15":"tag-gaza","16":"tag-israel","17":"tag-la-france-insoumise-lfi","18":"tag-monde","19":"tag-news","20":"tag-republique-francaise","21":"tag-rima-hassan"},"share_on_mastodon":{"url":"","error":""},"_links":{"self":[{"href":"https:\/\/www.europesays.com\/fr\/wp-json\/wp\/v2\/posts\/271838","targetHints":{"allow":["GET"]}}],"collection":[{"href":"https:\/\/www.europesays.com\/fr\/wp-json\/wp\/v2\/posts"}],"about":[{"href":"https:\/\/www.europesays.com\/fr\/wp-json\/wp\/v2\/types\/post"}],"author":[{"embeddable":true,"href":"https:\/\/www.europesays.com\/fr\/wp-json\/wp\/v2\/users\/2"}],"replies":[{"embeddable":true,"href":"https:\/\/www.europesays.com\/fr\/wp-json\/wp\/v2\/comments?post=271838"}],"version-history":[{"count":0,"href":"https:\/\/www.europesays.com\/fr\/wp-json\/wp\/v2\/posts\/271838\/revisions"}],"wp:featuredmedia":[{"embeddable":true,"href":"https:\/\/www.europesays.com\/fr\/wp-json\/wp\/v2\/media\/271839"}],"wp:attachment":[{"href":"https:\/\/www.europesays.com\/fr\/wp-json\/wp\/v2\/media?parent=271838"}],"wp:term":[{"taxonomy":"category","embeddable":true,"href":"https:\/\/www.europesays.com\/fr\/wp-json\/wp\/v2\/categories?post=271838"},{"taxonomy":"post_tag","embeddable":true,"href":"https:\/\/www.europesays.com\/fr\/wp-json\/wp\/v2\/tags?post=271838"}],"curies":[{"name":"wp","href":"https:\/\/api.w.org\/{rel}","templated":true}]}}