{"id":271840,"date":"2025-07-25T02:40:12","date_gmt":"2025-07-25T02:40:12","guid":{"rendered":"https:\/\/www.europesays.com\/fr\/271840\/"},"modified":"2025-07-25T02:40:12","modified_gmt":"2025-07-25T02:40:12","slug":"south-park-moque-donald-trump-la-maison-blanche-fulmine","status":"publish","type":"post","link":"https:\/\/www.europesays.com\/fr\/271840\/","title":{"rendered":"\u00ab\u00a0South Park\u00a0\u00bb moque Donald Trump, la Maison-Blanche fulmine"},"content":{"rendered":"<p>La satire corrosive de <a href=\"https:\/\/www.20minutes.fr\/arts-stars\/television\/4163455-20250713-pourquoi-pourra-plus-regarder-south-park-france-lundi\" target=\"_blank\" class=\"color-ultramarine c-link\" rel=\"noopener\">South Park<\/a> fait une nouvelle fois des vagues \u00e0 <a href=\"https:\/\/www.20minutes.fr\/dossier\/washington\" target=\"_blank\" class=\"color-ultramarine c-link\" rel=\"noopener\">Washington<\/a>. Le premier \u00e9pisode de la 27e saison, diffus\u00e9 cette semaine, met en sc\u00e8ne une version g\u00e9n\u00e9r\u00e9e par intelligence artificielle de <a href=\"https:\/\/www.20minutes.fr\/dossier\/donald_trump\" target=\"_blank\" class=\"color-ultramarine c-link\" rel=\"noopener\">Donald Trump<\/a>, errant nu dans le d\u00e9sert et suppliant Satan de coucher avec lui. Une sc\u00e8ne grotesque, o\u00f9 le diable finit par refuser les avances du pr\u00e9sident en raison de \u00ab\u00a0son p\u00e9nis trop petit\u00a0\u00bb. Une provocation qui n\u2019a pas du tout amus\u00e9 la <a href=\"https:\/\/www.20minutes.fr\/dossier\/maison_blanche\" target=\"_blank\" class=\"color-ultramarine c-link\" rel=\"noopener\">Maison-Blanche<\/a>.<\/p>\n<p>\u00ab\u00a0Cette s\u00e9rie n\u2019est plus pertinente depuis plus de 20 ans et se maintient \u00e0 grand-peine avec des id\u00e9es sans inspiration dans une tentative d\u00e9sesp\u00e9r\u00e9e d\u2019attirer l\u2019attention\u00a0\u00bb, a cingl\u00e9 Taylor Rogers, porte-parole de l\u2019ex\u00e9cutif. Elle a d\u00e9fendu Donald Trump, assurant qu\u2019il \u00ab\u00a0a tenu plus de promesses en seulement six mois que n\u2019importe quel autre pr\u00e9sident dans l\u2019histoire de notre pays\u00a0\u00bb et qu\u2019\u00ab\u00a0aucune s\u00e9rie de quatri\u00e8me ordre ne peut compromettre\u00a0\u00bb ce qu\u2019elle qualifie de \u00ab\u00a0s\u00e9rie de succ\u00e8s\u00a0\u00bb.<\/p>\n<\/p>\n<p>Un accord de 1,5\u00a0milliard de dollars avec Paramount<\/p>\n<p>Cr\u00e9\u00e9e par Trey Parker et Matt Stone, <a href=\"https:\/\/www.20minutes.fr\/dossier\/south_park\" target=\"_blank\" class=\"color-ultramarine c-link\" rel=\"noopener\">South Park<\/a> continue pourtant d\u2019afficher une sant\u00e9 insolente. Le duo vient de signer un accord colossal avec Paramount, estim\u00e9 \u00e0 1,5\u00a0milliard de dollars sur cinq ans, pour diffuser la s\u00e9rie sur la plateforme de streaming du studio, selon le <a href=\"https:\/\/www.latimes.com\/entertainment-arts\/business\/story\/2025-07-22\/south-park-two-billion-dollar-deals-paramount\" rel=\"nofollow noopener\" target=\"_blank\" class=\"color-ultramarine c-link\">Los Angeles Times<\/a>.<\/p>\n<p class=\"mb-xxl@xs color-ultramarine font-weight-semi-bold@xs font-source-serif-pro heading-s@xs\">L\u2019acc\u00e8s \u00e0 ce contenu a \u00e9t\u00e9 bloqu\u00e9 afin de respecter votre choix de consentement<\/p>\n<p class=\"mb-m@xs text-l@xs\">En cliquant sur\u00ab J\u2019accepte \u00bb, vous acceptez le d\u00e9p\u00f4t de cookies par des services externes et aurez ainsi acc\u00e8s aux contenus de nos partenaires.<\/p>\n<p class=\"mb-xl@xs text-s@xs\">Plus d\u2019informations sur la page<a href=\"https:\/\/www.20minutes.fr\/gestion-cookies\" class=\"mx-xxs@xs color-ultramarine\" target=\"_blank\" rel=\"noopener\">Politique de gestion des cookies<\/a><\/p>\n<p>J\u2019accepte<\/p>\n<p>Ce contrat majeur intervient dans un contexte strat\u00e9gique pour Paramount. Le r\u00e9gulateur am\u00e9ricain des t\u00e9l\u00e9communications, la FCC, a valid\u00e9 jeudi la fusion du groupe avec la soci\u00e9t\u00e9 de production Skydance. Une d\u00e9cision assortie d\u2019une condition rare\u00a0: des ajustements \u00e9ditoriaux au sein de <a href=\"https:\/\/www.20minutes.fr\/dossier\/cbs\" target=\"_blank\" class=\"color-ultramarine c-link\" rel=\"noopener\">CBS<\/a>, cha\u00eene historique du groupe, devront \u00eatre mis en place.<\/p>\n","protected":false},"excerpt":{"rendered":"La satire corrosive de South Park fait une nouvelle fois des vagues \u00e0 Washington. Le premier \u00e9pisode de&hellip;\n","protected":false},"author":2,"featured_media":271841,"comment_status":"","ping_status":"","sticky":false,"template":"","format":"standard","meta":{"footnotes":""},"categories":[2],"tags":[47,11,58,75,73,1011,27,78,74,12,41139,521,38497],"class_list":{"0":"post-271840","1":"post","2":"type-post","3":"status-publish","4":"format-standard","5":"has-post-thumbnail","7":"category-actualites","8":"tag-actualite","9":"tag-actualites","10":"tag-divertissement","11":"tag-donald-trump","12":"tag-etats-unis","13":"tag-fr","14":"tag-france","15":"tag-maison-blanche","16":"tag-monde","17":"tag-news","18":"tag-parodie","19":"tag-serie","20":"tag-south-park"},"share_on_mastodon":{"url":"https:\/\/pubeurope.com\/@fr\/114911564437483665","error":""},"_links":{"self":[{"href":"https:\/\/www.europesays.com\/fr\/wp-json\/wp\/v2\/posts\/271840","targetHints":{"allow":["GET"]}}],"collection":[{"href":"https:\/\/www.europesays.com\/fr\/wp-json\/wp\/v2\/posts"}],"about":[{"href":"https:\/\/www.europesays.com\/fr\/wp-json\/wp\/v2\/types\/post"}],"author":[{"embeddable":true,"href":"https:\/\/www.europesays.com\/fr\/wp-json\/wp\/v2\/users\/2"}],"replies":[{"embeddable":true,"href":"https:\/\/www.europesays.com\/fr\/wp-json\/wp\/v2\/comments?post=271840"}],"version-history":[{"count":0,"href":"https:\/\/www.europesays.com\/fr\/wp-json\/wp\/v2\/posts\/271840\/revisions"}],"wp:featuredmedia":[{"embeddable":true,"href":"https:\/\/www.europesays.com\/fr\/wp-json\/wp\/v2\/media\/271841"}],"wp:attachment":[{"href":"https:\/\/www.europesays.com\/fr\/wp-json\/wp\/v2\/media?parent=271840"}],"wp:term":[{"taxonomy":"category","embeddable":true,"href":"https:\/\/www.europesays.com\/fr\/wp-json\/wp\/v2\/categories?post=271840"},{"taxonomy":"post_tag","embeddable":true,"href":"https:\/\/www.europesays.com\/fr\/wp-json\/wp\/v2\/tags?post=271840"}],"curies":[{"name":"wp","href":"https:\/\/api.w.org\/{rel}","templated":true}]}}