{"id":271848,"date":"2025-07-25T02:49:16","date_gmt":"2025-07-25T02:49:16","guid":{"rendered":"https:\/\/www.europesays.com\/fr\/271848\/"},"modified":"2025-07-25T02:49:16","modified_gmt":"2025-07-25T02:49:16","slug":"traumatise-par-les-manifestations-meurtrieres-au-kenya-samson-va-courir-de-montpellier-a-marseille","status":"publish","type":"post","link":"https:\/\/www.europesays.com\/fr\/271848\/","title":{"rendered":"\u00ab\u00a0Traumatis\u00e9\u00a0\u00bb par les manifestations meurtri\u00e8res au Kenya, Samson va courir de Montpellier \u00e0 Marseille"},"content":{"rendered":"<p>Il veut \u00ab\u00a0prendre la parole\u00a0\u00bb pour les victimes de <a href=\"https:\/\/www.laprovence.com\/article\/france-monde\/2223374686324515\/au-kenya-commemorations-sous-haute-tension-des-manifestants-tues-en-2024\" target=\"_blank\" rel=\"noopener\">violences polici\u00e8res au Kenya<\/a>, ces derni\u00e8res semaines. Samson Juma Omondi, un K\u00e9nyan de 28\u00a0ans install\u00e9 en France, va courir de Montpellier \u00e0 Marseille, pour sensibiliser \u00e0 la col\u00e8re sociale qui gronde dans son pays.<\/p>\n<p>Samedi 26\u00a0juillet \u00e0 4 h du matin, cet assistant de langue anglaise en milieu scolaire va s\u2019\u00e9lancer de la place de la Com\u00e9die, pour rallier la <a href=\"https:\/\/www.laprovence.com\/article\/region\/21118670389977\/la-place-castellane-a-marseille-un-noeud-de-circulation-qui-concentre-les-bouchons\" target=\"_blank\" rel=\"noopener\">place Castellane<\/a>. 162 kilom\u00e8tres, en passant par Lunel, Arles, Miramas, <a href=\"https:\/\/www.laprovence.com\/article\/region\/3090108636385115\/balade-estivale-4-6-dans-les-criques-de-letang-de-berre\" target=\"_blank\" rel=\"noopener\">l\u2019\u00e9tang de Berre<\/a>.<\/p>\n<p>Il esp\u00e8re boucler son d\u00e9fi en 48 h. \u00ab\u00a0Je ne suis pas un surhomme, sourit ce sportif, qui a tout de m\u00eame parcouru de longues distances \u00e0 la seule force de ses jambes, 45 voire 85 kilom\u00e8tres. J\u2019ai pr\u00e9vu de dormir quelques heures pr\u00e8s d\u2019Arles. Je pars avec un sac de couchage, de l\u2019eau. Et surtout de la d\u00e9termination, pour parler de ce qu\u2019on veut faire taire.\u00a0\u00bb<\/p>\n<p>\u00ab\u00a0Traumatis\u00e9\u00a0\u00bb par les violences polici\u00e8res au Kenya<\/p>\n<p>Ce qu\u2019on veut \u00ab\u00a0faire taire\u00a0\u00bb, pour lui, c\u2019est la \u00ab\u00a0brutalit\u00e9 polici\u00e8re\u00a0\u00bb \u00e0 laquelle se sont heurt\u00e9s <a href=\"https:\/\/www.laprovence.com\/article\/france-monde\/1376632842364514\/au-kenya-tension-et-deploiement-policier-massif-face-aux-nouvelles-manifestations-antigouvernementales\" target=\"_blank\" rel=\"noopener\">des milliers de manifestants<\/a>. D\u00e9but juillet, plus de 100 personnes ont \u00e9t\u00e9 tu\u00e9es dont une adolescente de 12\u00a0ans. \u00ab\u00a0\u00c7a m\u2019a traumatis\u00e9\u00a0\u00bb, s\u2019\u00e9meut Samson.<\/p>\n<p>La contestation vise le pr\u00e9sident k\u00e9nyan, William Ruto, accus\u00e9 de corruption. \u00ab\u00a0Je veux me lever pour d\u00e9noncer cela, mais aussi le tribalisme, les meurtres injustifi\u00e9s, les enl\u00e8vements, mart\u00e8le Samson. Si tu d\u00e9nonces le r\u00e9gime, on vient te chercher chez toi.\u00a0\u00bb<\/p>\n<p>Une vid\u00e9o pour raconter sa course<\/p>\n<p>Il veut honorer la m\u00e9moire de ses compatriotes disparus en r\u00e9alisant ce d\u00e9fi. \u00ab\u00a0\u00c0 chaque mort, je ressens une honte, celle de ne pas pouvoir marcher \u00e0 leurs c\u00f4t\u00e9s. Dans la douleur de chaque foul\u00e9e, je vais transformer ma col\u00e8re en un message.\u00a0\u00bb<\/p>\n<p>Le d\u00e9fi r\u00e9alis\u00e9, Samson mettra une vid\u00e9o en ligne sur sa cha\u00eene YouTube, \u00ab\u00a0<a href=\"https:\/\/www.youtube.com\/@coolkenyaninfrance\/videos\" target=\"_blank\" rel=\"noopener\">Cool Kenyan in France<\/a>\u00ab\u00a0, pour retracer sa course. Et parler, \u00e0 nouveau, de la situation dans son pays o\u00f9, m\u00eame si les manifestations ont cess\u00e9, \u00ab\u00a0les gens continuent \u00e0 d\u00e9noncer en ligne\u00a0\u00bb.<\/p>\n","protected":false},"excerpt":{"rendered":"Il veut \u00ab\u00a0prendre la parole\u00a0\u00bb pour les victimes de violences polici\u00e8res au Kenya, ces derni\u00e8res semaines. Samson Juma&hellip;\n","protected":false},"author":2,"featured_media":271849,"comment_status":"","ping_status":"","sticky":false,"template":"","format":"standard","meta":{"footnotes":""},"categories":[9599],"tags":[17,1111,11,1777,674,1011,27,8557,151,1272,41140,2208,12,2680,5912,16,25,6870,19419],"class_list":{"0":"post-271848","1":"post","2":"type-post","3":"status-publish","4":"format-standard","5":"has-post-thumbnail","7":"category-montpellier","8":"tag-17","9":"tag-actu","10":"tag-actualites","11":"tag-eu","12":"tag-europe","13":"tag-fr","14":"tag-france","15":"tag-kenya","16":"tag-les","17":"tag-manifestations","18":"tag-meurtrieres","19":"tag-montpellier","20":"tag-news","21":"tag-occitanie","22":"tag-par","23":"tag-region","24":"tag-republique-francaise","25":"tag-samson","26":"tag-traumatise"},"share_on_mastodon":{"url":"https:\/\/pubeurope.com\/@fr\/114911599875139151","error":""},"_links":{"self":[{"href":"https:\/\/www.europesays.com\/fr\/wp-json\/wp\/v2\/posts\/271848","targetHints":{"allow":["GET"]}}],"collection":[{"href":"https:\/\/www.europesays.com\/fr\/wp-json\/wp\/v2\/posts"}],"about":[{"href":"https:\/\/www.europesays.com\/fr\/wp-json\/wp\/v2\/types\/post"}],"author":[{"embeddable":true,"href":"https:\/\/www.europesays.com\/fr\/wp-json\/wp\/v2\/users\/2"}],"replies":[{"embeddable":true,"href":"https:\/\/www.europesays.com\/fr\/wp-json\/wp\/v2\/comments?post=271848"}],"version-history":[{"count":0,"href":"https:\/\/www.europesays.com\/fr\/wp-json\/wp\/v2\/posts\/271848\/revisions"}],"wp:featuredmedia":[{"embeddable":true,"href":"https:\/\/www.europesays.com\/fr\/wp-json\/wp\/v2\/media\/271849"}],"wp:attachment":[{"href":"https:\/\/www.europesays.com\/fr\/wp-json\/wp\/v2\/media?parent=271848"}],"wp:term":[{"taxonomy":"category","embeddable":true,"href":"https:\/\/www.europesays.com\/fr\/wp-json\/wp\/v2\/categories?post=271848"},{"taxonomy":"post_tag","embeddable":true,"href":"https:\/\/www.europesays.com\/fr\/wp-json\/wp\/v2\/tags?post=271848"}],"curies":[{"name":"wp","href":"https:\/\/api.w.org\/{rel}","templated":true}]}}