{"id":271858,"date":"2025-07-25T02:59:16","date_gmt":"2025-07-25T02:59:16","guid":{"rendered":"https:\/\/www.europesays.com\/fr\/271858\/"},"modified":"2025-07-25T02:59:16","modified_gmt":"2025-07-25T02:59:16","slug":"lun-des-plus-grands-du-monde-une-valeur-chiffree-a-pres-de-300-millions-de-dollars-a-qui-appartient-le-super-yacht-al-mirqab-apercu-dans-la-baie-des-anges","status":"publish","type":"post","link":"https:\/\/www.europesays.com\/fr\/271858\/","title":{"rendered":"L&rsquo;un des plus grands du monde, une valeur chiffr\u00e9e \u00e0 pr\u00e8s de 300 millions de dollars: \u00e0 qui appartient le super yacht Al Mirqab aper\u00e7u dans la baie des Anges?"},"content":{"rendered":"<p>Avec ses <strong>133 m\u00e8tres de long<\/strong>, difficile de passer inaper\u00e7u.<\/p>\n<p>Habitu\u00e9 des eaux azur\u00e9ennes,\u00a0<strong>le super yacht Al Mirqab est de retour sur la C\u00f4te d&rsquo;Azur<\/strong>.<\/p>\n<p>Aper\u00e7u ce mercredi \u00e0 Monaco, dans la baie des Anges puis au large de Cannes, ce palace flottant est la\u00a0propri\u00e9t\u00e9 de <strong>Hamad ben Jassem al-Thani<\/strong>, qui fut premier ministre du Qatar entre 2007 et 2013 et est un membre \u00e9minent de la famille princi\u00e8re qatari.<\/p>\n<p>Sa fortune estim\u00e9e \u00e0 1,39 milliard de dollars par Forbes, ce p\u00e8re de treize enfants &#8211; six gar\u00e7ons et sept filles &#8211; est <strong>propri\u00e9taire d\u2019une luxueuse r\u00e9sidence \u00e0 Mouans-Sartoux.<\/strong><\/p>\n<p>Elu second plus beau yacht en 2008<\/p>\n<p>La famille princi\u00e8re \u00e9tablit ainsi r\u00e9guli\u00e8rement ses quartiers sur la C\u00f4te d&rsquo;Azur durant la p\u00e9riode estivale. Il n&rsquo;est donc pas rare en cette saison d&rsquo;apercevoir le yacht\u00a0Al Mirqab au large du territoire.<\/p>\n<p>Elu second plus beau yacht du monde par Forbes Magazine en 2008, le yacht a \u00e9t\u00e9 construit la m\u00eame ann\u00e9e en Allemagne et comprend \u00e0 son bord: dix suites de luxe d&rsquo;une capacit\u00e9 d&rsquo;accueil de vingt passagers, deux suites VIP avec salle de bain privative,\u00a0un jacuzzi sur le pont arri\u00e8re, une piscine, une biblioth\u00e8que, un cin\u00e9ma, une plate-forme h\u00e9licopt\u00e8re dot\u00e9e d\u2019un Eurocopter EC-155 et de nombreux jouets nautiques.<\/p>\n<p>              <img ci-src=\"https:\/\/www.nicematin.com\/insolite\/23072025-DSCN9685-UDZUUbp2.jpg?vh=04a11e&amp;ci_seal=ea3b0c2e9a\" alt=\"\"\/><br \/>\n         <strong>Photo Jean Mortini.<\/strong> <\/p>\n<p>Le reste de l&rsquo;ann\u00e9e, Al Mirqab\u00a0est amarr\u00e9 entre Faliro, dans la zone c\u00f4ti\u00e8re d&rsquo;Ath\u00e8nes\u00a0en\u00a0Gr\u00e8ce, et sur la c\u00f4te croate, dans le port de Rijeka.<\/p>\n","protected":false},"excerpt":{"rendered":"Avec ses 133 m\u00e8tres de long, difficile de passer inaper\u00e7u. Habitu\u00e9 des eaux azur\u00e9ennes,\u00a0le super yacht Al Mirqab&hellip;\n","protected":false},"author":2,"featured_media":271859,"comment_status":"","ping_status":"","sticky":false,"template":"","format":"standard","meta":{"footnotes":""},"categories":[2819],"tags":[1111,11,1777,674,1011,27,1757,12,2401,882,25],"class_list":{"0":"post-271858","1":"post","2":"type-post","3":"status-publish","4":"format-standard","5":"has-post-thumbnail","7":"category-nice","8":"tag-actu","9":"tag-actualites","10":"tag-eu","11":"tag-europe","12":"tag-fr","13":"tag-france","14":"tag-insolite","15":"tag-news","16":"tag-nice","17":"tag-provence-alpes-cote-dazur","18":"tag-republique-francaise"},"share_on_mastodon":{"url":"https:\/\/pubeurope.com\/@fr\/114911639279982739","error":""},"_links":{"self":[{"href":"https:\/\/www.europesays.com\/fr\/wp-json\/wp\/v2\/posts\/271858","targetHints":{"allow":["GET"]}}],"collection":[{"href":"https:\/\/www.europesays.com\/fr\/wp-json\/wp\/v2\/posts"}],"about":[{"href":"https:\/\/www.europesays.com\/fr\/wp-json\/wp\/v2\/types\/post"}],"author":[{"embeddable":true,"href":"https:\/\/www.europesays.com\/fr\/wp-json\/wp\/v2\/users\/2"}],"replies":[{"embeddable":true,"href":"https:\/\/www.europesays.com\/fr\/wp-json\/wp\/v2\/comments?post=271858"}],"version-history":[{"count":0,"href":"https:\/\/www.europesays.com\/fr\/wp-json\/wp\/v2\/posts\/271858\/revisions"}],"wp:featuredmedia":[{"embeddable":true,"href":"https:\/\/www.europesays.com\/fr\/wp-json\/wp\/v2\/media\/271859"}],"wp:attachment":[{"href":"https:\/\/www.europesays.com\/fr\/wp-json\/wp\/v2\/media?parent=271858"}],"wp:term":[{"taxonomy":"category","embeddable":true,"href":"https:\/\/www.europesays.com\/fr\/wp-json\/wp\/v2\/categories?post=271858"},{"taxonomy":"post_tag","embeddable":true,"href":"https:\/\/www.europesays.com\/fr\/wp-json\/wp\/v2\/tags?post=271858"}],"curies":[{"name":"wp","href":"https:\/\/api.w.org\/{rel}","templated":true}]}}