{"id":271860,"date":"2025-07-25T03:00:14","date_gmt":"2025-07-25T03:00:14","guid":{"rendered":"https:\/\/www.europesays.com\/fr\/271860\/"},"modified":"2025-07-25T03:00:14","modified_gmt":"2025-07-25T03:00:14","slug":"evann-guessand-se-dirige-vers-un-depart-selon-franck-haise-france-nice","status":"publish","type":"post","link":"https:\/\/www.europesays.com\/fr\/271860\/","title":{"rendered":"Evann Guessand \u00ab\u202fse dirige vers un d\u00e9part\u00a0\u00bb, selon Franck Haise &#8211; France &#8211; Nice"},"content":{"rendered":"<p>Une grosse saison, et puis s\u2019en va ?<\/p>\n<p>C\u2019est le sens du discours de Franck Haise, entra\u00eeneur de Nice, \u00e0 propos d\u2019Evann Guessand. Auteur d\u2019un exercice 2024-2025 satisfaisant, l\u2019attaquant pourrait ainsi quitter les Aiglons. \u00ab\u202fAvec le d\u00e9part de Ga\u00ebtan\u00a0(Laborde), vu le nombre de matchs \u00e0 jouer et que Terem (Moffi)\u00a0n\u2019a pas d\u00e9but\u00e9 une rencontre depuis un an, on aura besoin d\u2019un profil offensif, m\u00eame si Evann (Guessand) reste, a en effet expliqu\u00e9 le technicien. Tant qu\u2019il est l\u00e0, je le consid\u00e8re comme un joueur de l\u2019effectif et on travaille pour qu\u2019il soit performant. En sachant qu\u2019il se dirige vers un d\u00e9part \u00e0 90\u00a0%.\u202f\u00bb<\/p>\n<p>\u00ab\u202fOn a fait ce qu\u2019on voulait faire avec les quatre recrues qui sont arriv\u00e9es : un joueur exp\u00e9riment\u00e9 comme Yehvann Diouf qui vient de faire trois saisons compl\u00e8tes en Ligue 1 ; un joueur \u00e9tranger comme Isak (Jansson)\u00a0qu\u2019on suit depuis un moment\u00a0;\u00a0Juma\u00a0(Bah)\u00a0qui vient de faire six mois \u00e0 Lens\u00a0; ou Gabin\u00a0(Bernardeau) qui arrive apr\u00e8s sa premi\u00e8re saison en senior. On sait qu\u2019on recherche encore trois joueurs. C\u2019est \u00e7a l\u2019objectif\u202f\u00bb, a encore d\u00e9clar\u00e9 le coach sudiste, dans des propos rapport\u00e9s par <a target=\"_blank\" href=\"https:\/\/www.lequipe.fr\/Football\/Article\/Franck-haise-face-au-defi-d-une-qualification-en-ligue-des-champions-toutes-ces-croyances-limitantes-je-m-en-fous\/1580545\" rel=\"noopener nofollow\">L\u2019\u00c9quipe<\/a>.<\/p>\n<p>Et oui, <a target=\"_blank\" href=\"https:\/\/www.sofoot.com\/breves\/mercato-gaetan-laborde-quitte-nice-et-la-ligue-1-pour-larabie-saoudite\" rel=\"nofollow noopener\">Ga\u00ebtan est parti<\/a>\u2026<\/p>\n<p>\t\t\t\t\t\t\t\t\t\t<a class=\"lien-connexe\" href=\"https:\/\/www.sofoot.com\/breves\/ligue-des-champions-franck-haise-juge-que-nice-ne-pouvait-pas-tomber-sur-un-pire-tirage\" rel=\"nofollow noopener\" target=\"_blank\">Franck Haise juge que Nice ne pouvait pas tomber sur un pire tirage<\/a>\t\t\t\t\t<\/p>\n","protected":false},"excerpt":{"rendered":"Une grosse saison, et puis s\u2019en va ? C\u2019est le sens du discours de Franck Haise, entra\u00eeneur de&hellip;\n","protected":false},"author":2,"featured_media":271861,"comment_status":"","ping_status":"","sticky":false,"template":"","format":"standard","meta":{"footnotes":""},"categories":[2819],"tags":[1111,47,11,61,69,65,64,1777,674,63,1011,27,68,66,12,62,2401,70,882,25,67],"class_list":{"0":"post-271860","1":"post","2":"type-post","3":"status-publish","4":"format-standard","5":"has-post-thumbnail","7":"category-nice","8":"tag-actu","9":"tag-actualite","10":"tag-actualites","11":"tag-actus-football","12":"tag-bundesliga","13":"tag-championnats-europeens","14":"tag-equipe-de-france","15":"tag-eu","16":"tag-europe","17":"tag-football","18":"tag-fr","19":"tag-france","20":"tag-ligua","21":"tag-ligue-1","22":"tag-news","23":"tag-news-foot","24":"tag-nice","25":"tag-premier-league","26":"tag-provence-alpes-cote-dazur","27":"tag-republique-francaise","28":"tag-serie-a"},"share_on_mastodon":{"url":"https:\/\/pubeurope.com\/@fr\/114911643087443054","error":""},"_links":{"self":[{"href":"https:\/\/www.europesays.com\/fr\/wp-json\/wp\/v2\/posts\/271860","targetHints":{"allow":["GET"]}}],"collection":[{"href":"https:\/\/www.europesays.com\/fr\/wp-json\/wp\/v2\/posts"}],"about":[{"href":"https:\/\/www.europesays.com\/fr\/wp-json\/wp\/v2\/types\/post"}],"author":[{"embeddable":true,"href":"https:\/\/www.europesays.com\/fr\/wp-json\/wp\/v2\/users\/2"}],"replies":[{"embeddable":true,"href":"https:\/\/www.europesays.com\/fr\/wp-json\/wp\/v2\/comments?post=271860"}],"version-history":[{"count":0,"href":"https:\/\/www.europesays.com\/fr\/wp-json\/wp\/v2\/posts\/271860\/revisions"}],"wp:featuredmedia":[{"embeddable":true,"href":"https:\/\/www.europesays.com\/fr\/wp-json\/wp\/v2\/media\/271861"}],"wp:attachment":[{"href":"https:\/\/www.europesays.com\/fr\/wp-json\/wp\/v2\/media?parent=271860"}],"wp:term":[{"taxonomy":"category","embeddable":true,"href":"https:\/\/www.europesays.com\/fr\/wp-json\/wp\/v2\/categories?post=271860"},{"taxonomy":"post_tag","embeddable":true,"href":"https:\/\/www.europesays.com\/fr\/wp-json\/wp\/v2\/tags?post=271860"}],"curies":[{"name":"wp","href":"https:\/\/api.w.org\/{rel}","templated":true}]}}