{"id":271866,"date":"2025-07-25T03:04:25","date_gmt":"2025-07-25T03:04:25","guid":{"rendered":"https:\/\/www.europesays.com\/fr\/271866\/"},"modified":"2025-07-25T03:04:25","modified_gmt":"2025-07-25T03:04:25","slug":"le-parquet-rouvre-lenquete-sur-le-suicide-de-son-ex-epouse-krisztina-rady","status":"publish","type":"post","link":"https:\/\/www.europesays.com\/fr\/271866\/","title":{"rendered":"le parquet rouvre l&rsquo;enqu\u00eate sur le suicide de son ex-\u00e9pouse Krisztina R\u00e1dy"},"content":{"rendered":"<p>Le parquet de Bordeaux (Gironde) a annonc\u00e9 ce jeudi la r\u00e9ouverture d&rsquo;une enqu\u00eate \u00ab sur d&rsquo;\u00e9ventuels faits de violences volontaires \u00bb commis par le chanteur Bertrand Cantat avant la mort de son ex-\u00e9pouse Krisztina R\u00e1dy, retrouv\u00e9e pendue chez elle le 10 janvier 2010.<\/p>\n<p>R\u00e9v\u00e9l\u00e9e par <a href=\"https:\/\/www.rtl.fr\/actu\/justice-faits-divers\/info-rtl-bertrand-cantat-le-parquet-de-bordeaux-decide-de-rouvrir-l-enquete-sur-le-suicide-de-son-ex-femme-7900525487\" target=\"_blank\" rel=\"nofollow noopener\">RTL<\/a>, cette r\u00e9ouverture est notamment motiv\u00e9e par le visionnage du <a href=\"https:\/\/www.ledauphine.com\/culture-loisirs\/2025\/03\/26\/de-l-affaire-cantat-a-air-cocaine-netflix-devoile-ses-ambitions-sur-les-documentaires\" target=\"_blank\" rel=\"nofollow noopener\">documentaire de Netflix, Le cas Cantat,<\/a> contenant \u00ab plusieurs affirmations et t\u00e9moignages ne figurant pas \u00bb dans les quatre proc\u00e9dures d\u00e9j\u00e0 ouvertes sur les circonstances de la mort de Krisztina R\u00e1dy, toutes class\u00e9es sans suite, pr\u00e9cise dans un communiqu\u00e9 le procureur de la R\u00e9publique de Bordeaux, Renaud Gaudeul.<\/p>\n<p>\u00ab Suicide forc\u00e9\u00a0\u00bb<\/p>\n<p>Outre le dossier en recherches des causes de la mort ouvert \u00e0 la suite de son d\u00e9c\u00e8s au domicile conjugal \u00e0 Bordeaux, \u00ab trois autres proc\u00e9dures subs\u00e9quentes \u00bb avaient \u00e9t\u00e9 ouvertes en 2013, 2014 puis 2018, rappelle-t-il. Les deux derni\u00e8res en date avaient \u00e9t\u00e9 ouvertes \u00e0 la suite de plaintes de la pr\u00e9sidente de l&rsquo;association Femme et libre, Yael Mellul, ancienne avocate du dernier compagnon de Krisztina R\u00e1dy.<\/p>\n<p>Jointe par t\u00e9l\u00e9phone, elle s&rsquo;est dit \u00ab tr\u00e8s soulag\u00e9e \u00bb du \u00ab changement radical de position du parquet de Bordeaux \u00bb sur ce qu&rsquo;elle qualifie \u00ab d&rsquo;affaire de suicide forc\u00e9 \u00bb. Selon elle, le t\u00e9moignage anonyme d&rsquo;un infirmier dans le documentaire Netflix est un \u00ab \u00e9l\u00e9ment nouveau \u00bb qui \u00ab corrobore le fait que Krisztina R\u00e1dy \u00e9tait victime de violence conjugale \u00bb. Elle a ajout\u00e9 avoir elle aussi \u00ab de nouveaux t\u00e9moignages \u00e0 transmettre au parquet de Bordeaux \u00bb, sans en pr\u00e9ciser la nature. L&rsquo;avocat de Bertrand Cantat, Me Antonin L\u00e9vy, a d\u00e9clar\u00e9 ne pas \u00eatre au courant de la r\u00e9ouverture d&rsquo;une enqu\u00eate sur ce dossier.<\/p>\n<p>  Pol\u00e9miques et annulations<\/p>\n<p>N\u00e9e le 23 ao\u00fbt 1968, Krisztina R\u00e1dy, interpr\u00e8te de formation, femme de lettres, de th\u00e9\u00e2tre et traductrice, avait rencontr\u00e9 Bertrand Cantat en 1993, lors d&rsquo;un festival \u00e0 Budapest. Mari\u00e9 en 1997, le couple a eu deux enfants et n&rsquo;a jamais divorc\u00e9 m\u00eame s&rsquo;il s&rsquo;est s\u00e9par\u00e9 peu apr\u00e8s la naissance de leur fille, le chanteur ayant fait la connaissance de l&rsquo;actrice Marie Trintignant. Condamn\u00e9 \u00e0 huit ans de prison en Lituanie pour des coups mortels <a href=\"https:\/\/www.ledauphine.com\/faits-divers-justice\/2023\/07\/31\/il-y-a-20-ans-marie-trintignant-mourrait-tuee-par-son-compagnon-bertrand-cantat\" target=\"_blank\" rel=\"nofollow noopener\">en 2003 \u00e0 Vilnius sur Marie Trintignant<\/a>, le chanteur avait \u00e9t\u00e9 rapidement mis hors de cause dans le suicide de Krisztina R\u00e1dy.<\/p>\n<p>Ic\u00f4ne rock fran\u00e7aise, le chanteur bordelais lib\u00e9r\u00e9 en 2007 a progressivement repris son activit\u00e9 publique \u00e0 partir de 2010, avec un album et une tourn\u00e9e avec le groupe Detroit, suivis de la sortie, en d\u00e9cembre 2017, de son premier album solo Amor Fati. La promotion de cet album suscite une pol\u00e9mique, tout comme la tourn\u00e9e qui s&rsquo;en suit, \u00e9maill\u00e9e de concerts annul\u00e9s et de manifestations d&rsquo;associations f\u00e9ministes. Le 11 juin 2018, le chanteur, accueilli aux cris \u00ab d&rsquo;assassin \u00bb \u00e0 Grenoble en mars, a supprim\u00e9 ses derni\u00e8res dates pr\u00e9vues.<\/p>\n<p>En 2020, il a encore annul\u00e9 un spectacle co\u00e9crit avec le romancier Caryl F\u00e9rey et fin 2021, des militantes f\u00e9ministes ont tent\u00e9 de bloquer l&rsquo;acc\u00e8s au th\u00e9\u00e2tre de la Colline, o\u00f9 se tenait la premi\u00e8re de la pi\u00e8ce M\u00e8re, cr\u00e9\u00e9e et mise en sc\u00e8ne par Wajdi Mouawad sur une musique de Bertrand Cantat. Le chanteur a publi\u00e9 en d\u00e9cembre dernier un deuxi\u00e8me album avec Detroit.<\/p>\n","protected":false},"excerpt":{"rendered":"Le parquet de Bordeaux (Gironde) a annonc\u00e9 ce jeudi la r\u00e9ouverture d&rsquo;une enqu\u00eate \u00ab sur d&rsquo;\u00e9ventuels faits de&hellip;\n","protected":false},"author":2,"featured_media":271867,"comment_status":"","ping_status":"","sticky":false,"template":"","format":"standard","meta":{"footnotes":""},"categories":[2817],"tags":[1111,11,1997,1777,674,274,107,1011,27,329,12,2219,25,104],"class_list":{"0":"post-271866","1":"post","2":"type-post","3":"status-publish","4":"format-standard","5":"has-post-thumbnail","7":"category-bordeaux","8":"tag-actu","9":"tag-actualites","10":"tag-bordeaux","11":"tag-eu","12":"tag-europe","13":"tag-faits-divers-justice","14":"tag-fil-info","15":"tag-fr","16":"tag-france","17":"tag-france-monde","18":"tag-news","19":"tag-nouvelle-aquitaine","20":"tag-republique-francaise","21":"tag-societe"},"share_on_mastodon":{"url":"https:\/\/pubeurope.com\/@fr\/114911658883580692","error":""},"_links":{"self":[{"href":"https:\/\/www.europesays.com\/fr\/wp-json\/wp\/v2\/posts\/271866","targetHints":{"allow":["GET"]}}],"collection":[{"href":"https:\/\/www.europesays.com\/fr\/wp-json\/wp\/v2\/posts"}],"about":[{"href":"https:\/\/www.europesays.com\/fr\/wp-json\/wp\/v2\/types\/post"}],"author":[{"embeddable":true,"href":"https:\/\/www.europesays.com\/fr\/wp-json\/wp\/v2\/users\/2"}],"replies":[{"embeddable":true,"href":"https:\/\/www.europesays.com\/fr\/wp-json\/wp\/v2\/comments?post=271866"}],"version-history":[{"count":0,"href":"https:\/\/www.europesays.com\/fr\/wp-json\/wp\/v2\/posts\/271866\/revisions"}],"wp:featuredmedia":[{"embeddable":true,"href":"https:\/\/www.europesays.com\/fr\/wp-json\/wp\/v2\/media\/271867"}],"wp:attachment":[{"href":"https:\/\/www.europesays.com\/fr\/wp-json\/wp\/v2\/media?parent=271866"}],"wp:term":[{"taxonomy":"category","embeddable":true,"href":"https:\/\/www.europesays.com\/fr\/wp-json\/wp\/v2\/categories?post=271866"},{"taxonomy":"post_tag","embeddable":true,"href":"https:\/\/www.europesays.com\/fr\/wp-json\/wp\/v2\/tags?post=271866"}],"curies":[{"name":"wp","href":"https:\/\/api.w.org\/{rel}","templated":true}]}}