{"id":271868,"date":"2025-07-25T03:05:16","date_gmt":"2025-07-25T03:05:16","guid":{"rendered":"https:\/\/www.europesays.com\/fr\/271868\/"},"modified":"2025-07-25T03:05:16","modified_gmt":"2025-07-25T03:05:16","slug":"ce-qui-est-prevu-a-toulouse-et-ailleurs","status":"publish","type":"post","link":"https:\/\/www.europesays.com\/fr\/271868\/","title":{"rendered":"ce qui est pr\u00e9vu \u00e0 Toulouse et ailleurs"},"content":{"rendered":"<p>            Par<br \/>\n        <strong><br \/>\n            <a href=\"https:\/\/actu.fr\/auteur\/mareva-laville-actu-fr\" title=\"Consulter tous les articles de Mar\u00e9va Laville\" rel=\"nofollow noopener\" target=\"_blank\">Mar\u00e9va Laville<\/a><br \/>\n        <\/strong><\/p>\n<p>        Publi\u00e9 le<\/p>\n<p>            25 juil. 2025 \u00e0 5h04        <\/p>\n<p><a href=\"http:\/\/www.actu.fr\/toulouse\" rel=\"nofollow noopener\" target=\"_blank\"><strong>Toulouse<\/strong> <\/a>sera \u00e9pargn\u00e9e ce vendredi 25\u00a0juillet des orages annonc\u00e9s par <a href=\"https:\/\/actu.fr\/tag\/meteo-france\" rel=\"nofollow noopener\" target=\"_blank\">M\u00e9t\u00e9o France<\/a>, en Occitanie. Dans la Ville rose, n\u00e9anmoins, le temps reste mitig\u00e9 o\u00f9 la pluie fine est attendue pour d\u00e9buter la journ\u00e9e. Les premi\u00e8res <strong>petites averses<\/strong> devraient tomber vers midi.<\/p>\n<p class=\" wall-content\">Les gouttes seront ensuite chass\u00e9es par les <strong>\u00e9claircies<\/strong> en cours de l\u2019apr\u00e8s-midi, apr\u00e8s 14\u00a0heures.\u00a0Elles s\u2019accompagneront n\u00e9anmoins, comme le matin, de rafales de <strong>vent<\/strong> grimpant jusqu\u2019\u00e0 45\u00a0km\/h.<\/p>\n<p>    <img   decoding=\"async\" loading=\"lazy\" src=\"https:\/\/www.europesays.com\/fr\/wp-content\/uploads\/2025\/07\/vendredi25-toulouse-960x557.png\" alt=\"Voici les pr\u00e9visions m\u00e9t\u00e9o \u00e0 Toulouse ce vendredi 25 juillet 2025.\" width=\"960\" height=\"557\"\/><br \/>\n    Voici les pr\u00e9visions m\u00e9t\u00e9o \u00e0 Toulouse ce vendredi 25\u00a0juillet 2025. (\u00a9Capture d\u2019\u00e9cran M\u00e9t\u00e9o France)Et en Occitanie\u2009?<\/p>\n<p class=\" wall-content\">Le reste de <a href=\"http:\/\/www.actu.fr\/toulouse\" rel=\"nofollow noopener\" target=\"_blank\"><strong>l\u2019Occitanie<\/strong> <\/a>ne sera pas autant g\u00e2t\u00e9. Mais tout d\u00e9pend de l\u2019endroit o\u00f9 vous vous trouvez. M\u00e9t\u00e9o France pr\u00e9voit un beau ciel bleu et un grand<strong> soleil sur le littoral,<\/strong> tandis que<strong> la pluie tombera dans le centre<\/strong> de la r\u00e9gion, du nord au sud, \u00e0 Foix, Castres, Albi et Rodez, et que des orages pourraient frapper l\u2019est. Les <strong>risques d\u2019orages<\/strong> sont notamment annonc\u00e9s en <strong>Aveyron<\/strong> et <strong>Loz\u00e8re<\/strong>, \u00e0 Saint-Affrique et Mende. Les <strong>averses orageuses<\/strong> devraient quant \u00e0 elles toucher Rodez et Laguiole dans la matin\u00e9e<\/p>\n<p class=\" wall-content\">Ces averses perdureront dans l\u2019apr\u00e8s-midi en Loz\u00e8re et Aveyron sous 19\u00b0C \u00e0 Mende et Rodez. Albi, Castres et Salles-sur-l\u2019Hers auront encore le droit \u00e0 quelques gouttes de pluie dans l\u2019apr\u00e8s-midi, tout comme Cahors et Saint-C\u00e9r\u00e9. Le reste de la r\u00e9gion b\u00e9n\u00e9ficiera soit d\u2019<strong>\u00e9claircies, dans le Gers, les Hautes-Pyr\u00e9n\u00e9es et l\u2019Ari\u00e8ge<\/strong> o\u00f9 il fera entre 21\u00b0C et 24\u00b0C, soit d\u2019un <strong>ciel ensoleill\u00e9 \u00e0 Perpignan, B\u00e9ziers et N\u00eemes<\/strong> o\u00f9 le thermom\u00e8tre grimpera <strong>jusqu\u2019\u00e0 26\u00b0C pour Perpignan et 29\u00b0C pour N\u00eemes.<\/strong><\/p>\n<p>    <img   decoding=\"async\" loading=\"lazy\" src=\"https:\/\/www.europesays.com\/fr\/wp-content\/uploads\/2025\/07\/vendredi-25-occitanie-960x640.png\" alt=\"Voici les pr\u00e9visions m\u00e9t\u00e9o en Occitanie ce vendredi 25 juillet 2025.\" width=\"960\" height=\"640\"\/><br \/>\n    Voici les pr\u00e9visions m\u00e9t\u00e9o en Occitanie ce vendredi 25\u00a0juillet 2025. (\u00a9Capture d\u2019\u00e9cran M\u00e9t\u00e9o France)Vid\u00e9os : en ce moment sur Actu<\/p>\n<p class=\" wall-content\">Gare au vent toutefois qui soufflera toute la journ\u00e9e pour une grande partie de l\u2019Occitanie. Des rafales allant jusqu\u2019\u00e0 65\u00a0km\/h seront d\u00e9j\u00e0 pr\u00e9sentes d\u00e8s le matin \u00e0 Perpignan notamment.<\/p>\n<p class=\" wall-content\">Suivez toute l\u2019actualit\u00e9 de vos villes et m\u00e9dias favoris en vous inscrivant \u00e0 <a href=\"https:\/\/moncompte.actu.fr\" title=\"D\u00e9couvez Mon Actu\" rel=\"nofollow noopener\" data-trk=\"{&quot;cta&quot;:{&quot;action&quot;:&quot;https:\\\/\\\/moncompte.actu.fr&quot;,&quot;category&quot;:&quot;mon compte&quot;,&quot;from&quot;:&quot;article footer&quot;,&quot;name&quot;:&quot;Mon actu&quot;,&quot;type&quot;:&quot;cta&quot;}}\" target=\"_blank\">Mon Actu<\/a>.<\/p>\n","protected":false},"excerpt":{"rendered":"Par Mar\u00e9va Laville Publi\u00e9 le 25 juil. 2025 \u00e0 5h04 Toulouse sera \u00e9pargn\u00e9e ce vendredi 25\u00a0juillet des orages&hellip;\n","protected":false},"author":2,"featured_media":271869,"comment_status":"","ping_status":"","sticky":false,"template":"","format":"standard","meta":{"footnotes":""},"categories":[2816],"tags":[1111,11,1777,674,1011,27,2487,2357,12,2680,4594,25,2312],"class_list":{"0":"post-271868","1":"post","2":"type-post","3":"status-publish","4":"format-standard","5":"has-post-thumbnail","7":"category-toulouse","8":"tag-actu","9":"tag-actualites","10":"tag-eu","11":"tag-europe","12":"tag-fr","13":"tag-france","14":"tag-meteo","15":"tag-meteo-france","16":"tag-news","17":"tag-occitanie","18":"tag-orages","19":"tag-republique-francaise","20":"tag-toulouse"},"share_on_mastodon":{"url":"https:\/\/pubeurope.com\/@fr\/114911662836745344","error":""},"_links":{"self":[{"href":"https:\/\/www.europesays.com\/fr\/wp-json\/wp\/v2\/posts\/271868","targetHints":{"allow":["GET"]}}],"collection":[{"href":"https:\/\/www.europesays.com\/fr\/wp-json\/wp\/v2\/posts"}],"about":[{"href":"https:\/\/www.europesays.com\/fr\/wp-json\/wp\/v2\/types\/post"}],"author":[{"embeddable":true,"href":"https:\/\/www.europesays.com\/fr\/wp-json\/wp\/v2\/users\/2"}],"replies":[{"embeddable":true,"href":"https:\/\/www.europesays.com\/fr\/wp-json\/wp\/v2\/comments?post=271868"}],"version-history":[{"count":0,"href":"https:\/\/www.europesays.com\/fr\/wp-json\/wp\/v2\/posts\/271868\/revisions"}],"wp:featuredmedia":[{"embeddable":true,"href":"https:\/\/www.europesays.com\/fr\/wp-json\/wp\/v2\/media\/271869"}],"wp:attachment":[{"href":"https:\/\/www.europesays.com\/fr\/wp-json\/wp\/v2\/media?parent=271868"}],"wp:term":[{"taxonomy":"category","embeddable":true,"href":"https:\/\/www.europesays.com\/fr\/wp-json\/wp\/v2\/categories?post=271868"},{"taxonomy":"post_tag","embeddable":true,"href":"https:\/\/www.europesays.com\/fr\/wp-json\/wp\/v2\/tags?post=271868"}],"curies":[{"name":"wp","href":"https:\/\/api.w.org\/{rel}","templated":true}]}}