{"id":271870,"date":"2025-07-25T03:06:15","date_gmt":"2025-07-25T03:06:15","guid":{"rendered":"https:\/\/www.europesays.com\/fr\/271870\/"},"modified":"2025-07-25T03:06:15","modified_gmt":"2025-07-25T03:06:15","slug":"previsions-du-vendredi-25-juillet-2025-7","status":"publish","type":"post","link":"https:\/\/www.europesays.com\/fr\/271870\/","title":{"rendered":"pr\u00e9visions du vendredi 25 juillet 2025"},"content":{"rendered":"<p>Aujourd&rsquo;hui, le soleil va progressivement supplanter les nuages \u00e0 Toulouse. Les temp\u00e9ratures seront de 14\u00b0C au plus bas et de 26\u00b0C au maximum. Un vent de nord-ouest soufflera l\u00e9g\u00e8rement, avec 17 km\/h. Un temps plus chaud est \u00e0 pr\u00e9voir l&rsquo;apr\u00e8s-midi \u00e9tant donn\u00e9 que les temp\u00e9ratures vont enregistrer une hausse. Les valeurs s&rsquo;\u00e9chelonneront entre 24\u00b0C et 26\u00b0C. Il faudra s&rsquo;attendre \u00e0 des perturbations le soir, les Toulousains se retrouveront sous des pluies \u00e9parses. On passera de vendredi \u00e0 samedi par une nuit claire.<\/p>\n<p>Demain, c&rsquo;est une hausse de quelques degr\u00e9s que vont conna\u00eetre les temp\u00e9ratures dans la ville de Toulouse. Le thermom\u00e8tre affichera 22\u00b0C en moyenne. Un vent de nord-ouest rafra\u00eechira un peu l&rsquo;atmosph\u00e8re. Le matin, le soleil sera cach\u00e9 derri\u00e8re des nuages. Des pluies \u00e9parses tomberont. Les temp\u00e9ratures avoisineront les 21\u00b0C. Des \u00e9claircies sont attendues : on passera un apr\u00e8s-midi cl\u00e9ment. Les temp\u00e9ratures vont enregistrer une augmentation de plusieurs degr\u00e9s. Les maximales atteindront les 27\u00b0C et les minimales seront de 25\u00b0C. Demain soir, on pr\u00e9voit des temp\u00e9ratures d&rsquo;environ 24\u00b0C.<\/p>\n<p>Des changements sont annonc\u00e9s les jours suivants. Une am\u00e9lioration est attendue lundi, alors que la journ\u00e9e de dimanche aura \u00e9t\u00e9 pluvieuse.<\/p>\n<p><\/p>\n","protected":false},"excerpt":{"rendered":"Aujourd&rsquo;hui, le soleil va progressivement supplanter les nuages \u00e0 Toulouse. Les temp\u00e9ratures seront de 14\u00b0C au plus bas&hellip;\n","protected":false},"author":2,"featured_media":271871,"comment_status":"","ping_status":"","sticky":false,"template":"","format":"standard","meta":{"footnotes":""},"categories":[2816],"tags":[1111,11,1777,674,1011,27,2722,2721,12,2680,2119,25,2312],"class_list":{"0":"post-271870","1":"post","2":"type-post","3":"status-publish","4":"format-standard","5":"has-post-thumbnail","7":"category-toulouse","8":"tag-actu","9":"tag-actualites","10":"tag-eu","11":"tag-europe","12":"tag-fr","13":"tag-france","14":"tag-haute-garonne","15":"tag-midi-pyrenees","16":"tag-news","17":"tag-occitanie","18":"tag-previsions-meteo","19":"tag-republique-francaise","20":"tag-toulouse"},"share_on_mastodon":{"url":"https:\/\/pubeurope.com\/@fr\/114911666655381380","error":""},"_links":{"self":[{"href":"https:\/\/www.europesays.com\/fr\/wp-json\/wp\/v2\/posts\/271870","targetHints":{"allow":["GET"]}}],"collection":[{"href":"https:\/\/www.europesays.com\/fr\/wp-json\/wp\/v2\/posts"}],"about":[{"href":"https:\/\/www.europesays.com\/fr\/wp-json\/wp\/v2\/types\/post"}],"author":[{"embeddable":true,"href":"https:\/\/www.europesays.com\/fr\/wp-json\/wp\/v2\/users\/2"}],"replies":[{"embeddable":true,"href":"https:\/\/www.europesays.com\/fr\/wp-json\/wp\/v2\/comments?post=271870"}],"version-history":[{"count":0,"href":"https:\/\/www.europesays.com\/fr\/wp-json\/wp\/v2\/posts\/271870\/revisions"}],"wp:featuredmedia":[{"embeddable":true,"href":"https:\/\/www.europesays.com\/fr\/wp-json\/wp\/v2\/media\/271871"}],"wp:attachment":[{"href":"https:\/\/www.europesays.com\/fr\/wp-json\/wp\/v2\/media?parent=271870"}],"wp:term":[{"taxonomy":"category","embeddable":true,"href":"https:\/\/www.europesays.com\/fr\/wp-json\/wp\/v2\/categories?post=271870"},{"taxonomy":"post_tag","embeddable":true,"href":"https:\/\/www.europesays.com\/fr\/wp-json\/wp\/v2\/tags?post=271870"}],"curies":[{"name":"wp","href":"https:\/\/api.w.org\/{rel}","templated":true}]}}