{"id":271876,"date":"2025-07-25T03:11:11","date_gmt":"2025-07-25T03:11:11","guid":{"rendered":"https:\/\/www.europesays.com\/fr\/271876\/"},"modified":"2025-07-25T03:11:11","modified_gmt":"2025-07-25T03:11:11","slug":"un-bus-percute-la-facade-dun-cinema-en-plein-centre-ville","status":"publish","type":"post","link":"https:\/\/www.europesays.com\/fr\/271876\/","title":{"rendered":"un bus percute la fa\u00e7ade d\u2019un cin\u00e9ma en plein centre-ville"},"content":{"rendered":"<p itemprop=\"description\"><strong>Un bus de la Star a percut\u00e9 la fa\u00e7ade du cin\u00e9ma Agora alors qu\u2019il effectuait une man\u0153uvre dans une rue \u00e9troite.<\/strong><\/p>\n<p>Le centre-ville de Thizy les Bourgs a \u00e9t\u00e9 bloqu\u00e9 pendant presque deux heures ce lundi 21 juillet. Un bus de la Star, transports en commun de Roannais agglom\u00e9ration, a percut\u00e9 la fa\u00e7ade du cin\u00e9ma Agora alors qu\u2019il arrivait de la rue Jean-Baptiste-Fournier. Le conducteur aurait effectu\u00e9 une man\u0153uvre p\u00e9rilleuse dans un virage pour reprendre la rue Pierre-Chevenard.<\/p>\n<p>Mais plus de peur que de mal. Seuls des d\u00e9g\u00e2ts mat\u00e9riels sont \u00e0 d\u00e9plorer. La fa\u00e7ade du cin\u00e9ma a \u00e9t\u00e9 l\u00e9g\u00e8rement touch\u00e9e. Du c\u00f4t\u00e9 du bus, un r\u00e9troviseur et une partie du pare-brise ont \u00e9t\u00e9 endommag\u00e9s apr\u00e8s ce choc. Une d\u00e9panneuse est finalement intervenue pour sortir le bus.<\/p>\n","protected":false},"excerpt":{"rendered":"Un bus de la Star a percut\u00e9 la fa\u00e7ade du cin\u00e9ma Agora alors qu\u2019il effectuait une man\u0153uvre dans&hellip;\n","protected":false},"author":2,"featured_media":271877,"comment_status":"","ping_status":"","sticky":false,"template":"","format":"standard","meta":{"footnotes":""},"categories":[1889],"tags":[1111,11,2813,2190,2430,1109,251,1112,2811,1777,674,118,1011,27,1922,1110,1114,2428,2810,12,241,316,25,2812,517,800],"class_list":{"0":"post-271876","1":"post","2":"type-post","3":"status-publish","4":"format-standard","5":"has-post-thumbnail","7":"category-lyon","8":"tag-actu","9":"tag-actualites","10":"tag-article","11":"tag-asvel","12":"tag-auvergne-rhone-alpes","13":"tag-breves","14":"tag-culture","15":"tag-depeches","16":"tag-economique","17":"tag-eu","18":"tag-europe","19":"tag-faits-divers","20":"tag-fr","21":"tag-france","22":"tag-info","23":"tag-informations","24":"tag-infos","25":"tag-lyon","26":"tag-lyonmag","27":"tag-news","28":"tag-ol","29":"tag-politique","30":"tag-republique-francaise","31":"tag-sociale","32":"tag-sport","33":"tag-transports"},"share_on_mastodon":{"url":"https:\/\/pubeurope.com\/@fr\/114911686419762887","error":""},"_links":{"self":[{"href":"https:\/\/www.europesays.com\/fr\/wp-json\/wp\/v2\/posts\/271876","targetHints":{"allow":["GET"]}}],"collection":[{"href":"https:\/\/www.europesays.com\/fr\/wp-json\/wp\/v2\/posts"}],"about":[{"href":"https:\/\/www.europesays.com\/fr\/wp-json\/wp\/v2\/types\/post"}],"author":[{"embeddable":true,"href":"https:\/\/www.europesays.com\/fr\/wp-json\/wp\/v2\/users\/2"}],"replies":[{"embeddable":true,"href":"https:\/\/www.europesays.com\/fr\/wp-json\/wp\/v2\/comments?post=271876"}],"version-history":[{"count":0,"href":"https:\/\/www.europesays.com\/fr\/wp-json\/wp\/v2\/posts\/271876\/revisions"}],"wp:featuredmedia":[{"embeddable":true,"href":"https:\/\/www.europesays.com\/fr\/wp-json\/wp\/v2\/media\/271877"}],"wp:attachment":[{"href":"https:\/\/www.europesays.com\/fr\/wp-json\/wp\/v2\/media?parent=271876"}],"wp:term":[{"taxonomy":"category","embeddable":true,"href":"https:\/\/www.europesays.com\/fr\/wp-json\/wp\/v2\/categories?post=271876"},{"taxonomy":"post_tag","embeddable":true,"href":"https:\/\/www.europesays.com\/fr\/wp-json\/wp\/v2\/tags?post=271876"}],"curies":[{"name":"wp","href":"https:\/\/api.w.org\/{rel}","templated":true}]}}