{"id":271884,"date":"2025-07-25T03:19:16","date_gmt":"2025-07-25T03:19:16","guid":{"rendered":"https:\/\/www.europesays.com\/fr\/271884\/"},"modified":"2025-07-25T03:19:16","modified_gmt":"2025-07-25T03:19:16","slug":"rare-naissance-de-trois-fossas-au-zoo-de-paris-les-photos-de-leurs-premiers-pas","status":"publish","type":"post","link":"https:\/\/www.europesays.com\/fr\/271884\/","title":{"rendered":"Rare naissance de trois fossas au zoo de Paris : les photos de leurs premiers pas"},"content":{"rendered":"<p class=\"paragraph text_align_left lp-f-body-02\">Trois fossas, une esp\u00e8ce vuln\u00e9rable originaire de Madagascar, ont vu le jour le 8 mai au <a href=\"https:\/\/www.leparisien.fr\/culture-loisirs\/sortir-region-parisienne\/chaises-longues-cocktails-et-concerts-silencieux-bienvenue-aux-nocturnes-du-zoo-du-bois-de-vincennes-17-07-2025-O4LRRZ4HVZDZTN3JBPTKHJYKQ4.php\" target=\"_self\" rel=\"nofollow noopener\">Parc zoologique de Paris<\/a>, a-t-on appris ce jeudi 24 juillet. Ces naissances exceptionnelles, deux m\u00e2les et une femelle, repr\u00e9sentent un \u00e9v\u00e9nement rare dans le monde de la conservation, tant la reproduction de ce discret carnivore arboricole est complexe. En 2025, seuls 11 fossas sont n\u00e9s en captivit\u00e9 dans le monde, \u00e0 Paris donc, mais aussi au Royaume-Uni et aux \u00c9tats-Unis.<\/p>\n<p>Naissances sous haute surveillance<img decoding=\"async\" class=\"image \" loading=\"lazy\" src=\"https:\/\/www.europesays.com\/fr\/wp-content\/uploads\/2025\/07\/HQHV2Z6NFZADHHNBGYC5XC2YM4.jpg\" alt=\"AFP\/Thomas Samson\" align=\"\" data-rubrique-principale=\"\" data-article-type=\"\" fetchpriority=\"auto\"\/>AFP\/Thomas Samson <\/p>\n<p class=\"paragraph text_align_left lp-f-body-02\">Les trois jeunes fossas, n\u00e9s le 8 mai au Parc zoologique de Paris, commencent \u00e0 explorer leur enclos sous l\u2019\u0153il attentif de leur m\u00e8re, Zanahary. La reproduction est un challenge pour les \u00e9quipes puisque dans le milieu naturel, ce sont des esp\u00e8ces tr\u00e8s solitaires qui ne se tol\u00e8rent pas du tout et qui ne se rencontrent que lorsque la femelle est en chaleur, soit quatre \u00e0 cinq jours par an. \u00ab La femelle monte dans les arbres d\u2019o\u00f9 elle appelle les m\u00e2les. Plus les jours avancent, plus le m\u00e2le peut perdre patience et moins la femelle est r\u00e9ceptive \u00bb, raconte Alexis L\u00e9cu, v\u00e9t\u00e9rinaire.<\/p>\n<p>Un chasseur discret mais menac\u00e9<img decoding=\"async\" class=\"image \" loading=\"lazy\" src=\"https:\/\/www.europesays.com\/fr\/wp-content\/uploads\/2025\/07\/NHKH2VWLSRG25DPH2LY3HNJJHA.jpg\" alt=\"AFP\/Thomas Samson\" align=\"\" data-rubrique-principale=\"\" data-article-type=\"\" fetchpriority=\"auto\"\/>AFP\/Thomas Samson <\/p>\n<p class=\"paragraph text_align_left lp-f-body-02\">Esp\u00e8ce end\u00e9mique de <a href=\"https:\/\/www.leparisien.fr\/politique\/parfois-on-reussit-parfois-on-perd-a-madagascar-macron-donne-sa-recette-du-succes-devant-des-jeunes-23-04-2025-ZON4NKHQONAIVNYDHFTKETSX6Q.php\" target=\"_self\" rel=\"nofollow noopener\">Madagascar<\/a>, le fossa est un redoutable pr\u00e9dateur arboricole qui se nourrit notamment de l\u00e9muriens. Moins de 3 500 individus subsisteraient \u00e0 l\u2019\u00e9tat sauvage, selon l\u2019Union internationale pour la conservation de la nature. L\u2019esp\u00e8ce est menac\u00e9e par la disparition de son habitat, la rar\u00e9faction des proies et les m\u00e9thodes de pi\u00e9geage mises en place par les \u00e9leveurs.<\/p>\n<p>Prochaine \u00e9tape : l\u2019ind\u00e9pendance<img decoding=\"async\" class=\"image \" loading=\"lazy\" src=\"https:\/\/www.europesays.com\/fr\/wp-content\/uploads\/2025\/07\/LDRCE3QPKJHVZAZVZ4USL77KFM.jpg\" alt=\"AFP\/Thomas Samson\" align=\"\" data-rubrique-principale=\"\" data-article-type=\"\" fetchpriority=\"auto\"\/>AFP\/Thomas Samson <\/p>\n<p class=\"paragraph text_align_left lp-f-body-02\">Encore sans nom, les deux m\u00e2les et la femelle resteront aupr\u00e8s de leur m\u00e8re pendant plus d\u2019un an avant d\u2019\u00eatre confi\u00e9s \u00e0 d\u2019autres parcs zoologiques. En 2025, seuls trois \u00e9tablissements dans le monde ont accueilli des naissances de fossas. S\u2019il n\u2019y a \u00ab pas encore de plan de r\u00e9introduction \u00bb sur Madagascar, un millier sont r\u00e9partis dans des parcs zoologiques \u00e0 travers le monde, \u00ab ce qui fait la diff\u00e9rence si jamais il y avait un probl\u00e8me sur l\u2019\u00eele : maladie infectieuse, probl\u00e8me climatique, disparition de for\u00eat \u00bb, explique le <a href=\"https:\/\/www.leparisien.fr\/societe\/les-veterinaires-nos-betes-et-nous-lanimal-est-devenu-une-valeur-refuge-28-03-2025-H6POZDQQOZBY7NB5MTB7L66Z2M.php\" target=\"_self\" rel=\"nofollow noopener\">v\u00e9t\u00e9rinaire<\/a> Alexis L\u00e9cu.<\/p>\n","protected":false},"excerpt":{"rendered":"Trois fossas, une esp\u00e8ce vuln\u00e9rable originaire de Madagascar, ont vu le jour le 8 mai au Parc zoologique&hellip;\n","protected":false},"author":2,"featured_media":271885,"comment_status":"","ping_status":"","sticky":false,"template":"","format":"standard","meta":{"footnotes":""},"categories":[1888],"tags":[11,1867,1777,674,1011,27,1944,12,626,25],"class_list":{"0":"post-271884","1":"post","2":"type-post","3":"status-publish","4":"format-standard","5":"has-post-thumbnail","7":"category-paris","8":"tag-actualites","9":"tag-animaux","10":"tag-eu","11":"tag-europe","12":"tag-fr","13":"tag-france","14":"tag-ma-ville","15":"tag-news","16":"tag-paris","17":"tag-republique-francaise"},"share_on_mastodon":{"url":"https:\/\/pubeurope.com\/@fr\/114911717912593626","error":""},"_links":{"self":[{"href":"https:\/\/www.europesays.com\/fr\/wp-json\/wp\/v2\/posts\/271884","targetHints":{"allow":["GET"]}}],"collection":[{"href":"https:\/\/www.europesays.com\/fr\/wp-json\/wp\/v2\/posts"}],"about":[{"href":"https:\/\/www.europesays.com\/fr\/wp-json\/wp\/v2\/types\/post"}],"author":[{"embeddable":true,"href":"https:\/\/www.europesays.com\/fr\/wp-json\/wp\/v2\/users\/2"}],"replies":[{"embeddable":true,"href":"https:\/\/www.europesays.com\/fr\/wp-json\/wp\/v2\/comments?post=271884"}],"version-history":[{"count":0,"href":"https:\/\/www.europesays.com\/fr\/wp-json\/wp\/v2\/posts\/271884\/revisions"}],"wp:featuredmedia":[{"embeddable":true,"href":"https:\/\/www.europesays.com\/fr\/wp-json\/wp\/v2\/media\/271885"}],"wp:attachment":[{"href":"https:\/\/www.europesays.com\/fr\/wp-json\/wp\/v2\/media?parent=271884"}],"wp:term":[{"taxonomy":"category","embeddable":true,"href":"https:\/\/www.europesays.com\/fr\/wp-json\/wp\/v2\/categories?post=271884"},{"taxonomy":"post_tag","embeddable":true,"href":"https:\/\/www.europesays.com\/fr\/wp-json\/wp\/v2\/tags?post=271884"}],"curies":[{"name":"wp","href":"https:\/\/api.w.org\/{rel}","templated":true}]}}