{"id":271886,"date":"2025-07-25T03:20:20","date_gmt":"2025-07-25T03:20:20","guid":{"rendered":"https:\/\/www.europesays.com\/fr\/271886\/"},"modified":"2025-07-25T03:20:20","modified_gmt":"2025-07-25T03:20:20","slug":"lespoir-du-ch-bogdan-konyushkov-prolonge-son-contrat-en-russie","status":"publish","type":"post","link":"https:\/\/www.europesays.com\/fr\/271886\/","title":{"rendered":"L\u2019espoir du CH Bogdan Konyushkov prolonge son contrat en Russie"},"content":{"rendered":"<p><strong>L\u2019espoir du Canadien de Montr\u00e9al en d\u00e9fense Bogdan Konyushkov ne devrait pas s\u2019amener en Am\u00e9rique du Nord de sit\u00f4t.<\/strong><\/p>\n<p>En effet, il a prolong\u00e9 son actuelle entente avec le Torpedo de Nizhny Novgorod, dans la Ligue continentale de hockey (KHL), pour une ann\u00e9e suppl\u00e9mentaire, soit jusqu\u2019au terme de la saison 2026-2027.<\/p>\n<p class=\"toreadalso-fromEMP\"><strong>\u2022 \u00c0 lire aussi: <\/strong><a href=\"http:\/\/www.tvasports.ca\/2025\/07\/24\/bordeleau-et-les-devils-sentendent\" target=\"_self\" rel=\"nofollow noopener\"><strong>Bordeleau et les Devils s\u2019entendent<\/strong><\/a><\/p>\n<p class=\"toreadalso-fromEMP\"><strong>\u2022 \u00c0 lire aussi: <\/strong><a href=\"https:\/\/www.journaldemontreal.com\/2025\/07\/24\/ovechkin-pourrait-jouer-encore-deux-ou-trois-ans-selon-tom-wilson\" target=\"_self\" rel=\"nofollow noopener\"><strong>Ovechkin pourrait jouer encore \u00abdeux ou trois ans\u00bb selon Tom Wilson <\/strong><\/a><\/p>\n<p class=\"toreadalso-fromEMP\"><strong>\u2022 \u00c0 lire aussi: <\/strong><a href=\"https:\/\/www.journaldequebec.com\/2025\/07\/24\/jeux-olympiques-de-2026--la-france-ultra-negligee-mais-pas-denuee-dexperience\" target=\"_self\" rel=\"nofollow noopener\"><strong>Jeux olympiques de 2026: la France ultran\u00e9glig\u00e9e, mais pas d\u00e9nu\u00e9e d\u2019exp\u00e9rience<\/strong><\/a><\/p>\n<p>Ainsi, il pourrait faire le saut dans la Ligue nationale de hockey (LNH) seulement \u00e0 partir du 1er juin 2027.<\/p>\n<p>Le joueur de 22 ans, qui a \u00e9t\u00e9 rep\u00each\u00e9 en quatri\u00e8me ronde de l\u2019encan amateur de la LNH en 2023 par le CH, entamera en 2025-2026 sa quatri\u00e8me ann\u00e9e chez les professionnels.<\/p>\n<p>Konyushkov s\u2019est impos\u00e9 au fil des ann\u00e9es comme l\u2019un des d\u00e9fenseurs les plus fiables de son \u00e9quipe, lui qui a notamment men\u00e9 les siens pour le temps d\u2019utilisation (22 min 53 s) lors de la plus r\u00e9cente campagne.<\/p>\n<p>Il a \u00e9galement termin\u00e9 au deuxi\u00e8me rang des pointeurs de son club chez les arri\u00e8res avec 3 buts et 14 mentions d\u2019aide pour 17 points en 67 matchs.<\/p>\n<p>En carri\u00e8re dans la KHL, l\u2019athl\u00e8te de 6 pi a pr\u00e9sent\u00e9 une r\u00e9colte de 11 filets et 59 aides pour 70 points en 196 matchs, pr\u00e9sentant au passage un diff\u00e9rentiel combin\u00e9 de -13. En guise de rappel, Konyushkov a particip\u00e9 au plus r\u00e9cent camp de d\u00e9veloppement du Tricolore.<\/p>\n","protected":false},"excerpt":{"rendered":"L\u2019espoir du Canadien de Montr\u00e9al en d\u00e9fense Bogdan Konyushkov ne devrait pas s\u2019amener en Am\u00e9rique du Nord de&hellip;\n","protected":false},"author":2,"featured_media":271887,"comment_status":"","ping_status":"","sticky":false,"template":"","format":"standard","meta":{"footnotes":""},"categories":[1591],"tags":[11,1887,12,1885,1886,132],"class_list":{"0":"post-271886","1":"post","2":"type-post","3":"status-publish","4":"format-standard","5":"has-post-thumbnail","7":"category-russie","8":"tag-actualites","9":"tag-federation-de-russie","10":"tag-news","11":"tag-russia","12":"tag-russian-federation","13":"tag-russie"},"share_on_mastodon":{"url":"https:\/\/pubeurope.com\/@fr\/114911721791027282","error":""},"_links":{"self":[{"href":"https:\/\/www.europesays.com\/fr\/wp-json\/wp\/v2\/posts\/271886","targetHints":{"allow":["GET"]}}],"collection":[{"href":"https:\/\/www.europesays.com\/fr\/wp-json\/wp\/v2\/posts"}],"about":[{"href":"https:\/\/www.europesays.com\/fr\/wp-json\/wp\/v2\/types\/post"}],"author":[{"embeddable":true,"href":"https:\/\/www.europesays.com\/fr\/wp-json\/wp\/v2\/users\/2"}],"replies":[{"embeddable":true,"href":"https:\/\/www.europesays.com\/fr\/wp-json\/wp\/v2\/comments?post=271886"}],"version-history":[{"count":0,"href":"https:\/\/www.europesays.com\/fr\/wp-json\/wp\/v2\/posts\/271886\/revisions"}],"wp:featuredmedia":[{"embeddable":true,"href":"https:\/\/www.europesays.com\/fr\/wp-json\/wp\/v2\/media\/271887"}],"wp:attachment":[{"href":"https:\/\/www.europesays.com\/fr\/wp-json\/wp\/v2\/media?parent=271886"}],"wp:term":[{"taxonomy":"category","embeddable":true,"href":"https:\/\/www.europesays.com\/fr\/wp-json\/wp\/v2\/categories?post=271886"},{"taxonomy":"post_tag","embeddable":true,"href":"https:\/\/www.europesays.com\/fr\/wp-json\/wp\/v2\/tags?post=271886"}],"curies":[{"name":"wp","href":"https:\/\/api.w.org\/{rel}","templated":true}]}}