{"id":271889,"date":"2025-07-25T03:22:11","date_gmt":"2025-07-25T03:22:11","guid":{"rendered":"https:\/\/www.europesays.com\/fr\/271889\/"},"modified":"2025-07-25T03:22:11","modified_gmt":"2025-07-25T03:22:11","slug":"les-etats-unis-levent-des-sanctions-contre-des-allies-de-la-junte-birmane-apres-des-eloges-a-trump","status":"publish","type":"post","link":"https:\/\/www.europesays.com\/fr\/271889\/","title":{"rendered":"Les \u00c9tats-Unis l\u00e8vent des sanctions contre des alli\u00e9s de la junte birmane apr\u00e8s des \u00e9loges \u00e0 Trump"},"content":{"rendered":"<p>Les \u00c9tats-Unis ont lev\u00e9, jeudi, les sanctions visant plusieurs alli\u00e9s des g\u00e9n\u00e9raux au pouvoir en Birmanie, deux semaines apr\u00e8s que le chef de la junte a salu\u00e9 le pr\u00e9sident Donald Trump et sollicit\u00e9 un all\u00e9gement des sanctions dans une lettre r\u00e9pondant \u00e0 un avertissement concernant des droits de douane.<\/p>\n<p>L&rsquo;organisation Human Rights Watch a qualifi\u00e9 cette d\u00e9cision d&rsquo;\u00ab\u00a0extr\u00eamement pr\u00e9occupante\u00a0\u00bb, estimant qu&rsquo;elle sugg\u00e8re un changement majeur en cours dans la politique am\u00e9ricaine \u00e0 l&rsquo;\u00e9gard de l&rsquo;arm\u00e9e birmane, laquelle a renvers\u00e9 un gouvernement d\u00e9mocratiquement \u00e9lu en 2021 et est accus\u00e9e de crimes contre l&rsquo;humanit\u00e9 et de g\u00e9nocide.<\/p>\n<p>Un avis du d\u00e9partement du Tr\u00e9sor am\u00e9ricain indique que KT Services &amp; Logistics et son fondateur, Jonathan Myo Kyaw Thaung\u00a0; le groupe MCM et son propri\u00e9taire Aung Hlaing Oo\u00a0; Suntac Technologies et son propri\u00e9taire Sit Taing Aung\u00a0; ainsi qu&rsquo;un autre individu, Tin Latt Min, ont \u00e9t\u00e9 retir\u00e9s de la liste des sanctions am\u00e9ricaines.<\/p>\n<p>KT Services &amp; Logistics et Jonathan Myo Kyaw Thaung avaient \u00e9t\u00e9 ajout\u00e9s \u00e0 cette liste en janvier 2022, sous l&rsquo;administration Biden, \u00e0 l&rsquo;occasion du premier anniversaire de la prise de pouvoir par l&rsquo;arm\u00e9e birmane, qui avait plong\u00e9 le pays dans le chaos.<\/p>\n<p>Sit Taing Aung et Aung Hlaing Oo avaient \u00e9t\u00e9 sanctionn\u00e9s la m\u00eame ann\u00e9e pour leurs activit\u00e9s dans le secteur de la d\u00e9fense en Birmanie. Tin Latt Min, pr\u00e9sent\u00e9 comme un proche collaborateur des dirigeants militaires, avait \u00e9t\u00e9 ajout\u00e9 \u00e0 la liste en 2024, \u00e0 l&rsquo;occasion du troisi\u00e8me anniversaire du coup d&rsquo;\u00c9tat.<\/p>\n<p>Le d\u00e9partement du Tr\u00e9sor n&rsquo;a pas expliqu\u00e9 les raisons de cette d\u00e9cision, et la Maison Blanche n&rsquo;a pas imm\u00e9diatement r\u00e9pondu \u00e0 une demande de commentaire.<\/p>\n<p>Le 11 juillet, le g\u00e9n\u00e9ral Min Aung Hlaing, chef de la junte birmane, a adress\u00e9 une lettre \u00e0 Donald Trump sollicitant une r\u00e9duction du taux de droits de douane de 40\u00a0% sur les exportations birmanes vers les \u00c9tats-Unis, se disant pr\u00eat \u00e0 envoyer une \u00e9quipe de n\u00e9gociation \u00e0 Washington si n\u00e9cessaire.<\/p>\n<p>\u00ab\u00a0Le g\u00e9n\u00e9ral sup\u00e9rieur a reconnu le leadership fort du pr\u00e9sident pour guider son pays vers la prosp\u00e9rit\u00e9 nationale avec l&rsquo;esprit d&rsquo;un v\u00e9ritable patriote\u00a0\u00bb, rapportaient alors les m\u00e9dias d&rsquo;\u00c9tat.<\/p>\n<p>En r\u00e9ponse \u00e0 une lettre de Trump notifiant l&rsquo;entr\u00e9e en vigueur du tarif au 1er ao\u00fbt, Min Aung Hlaing a propos\u00e9 un taux r\u00e9duit de 10\u00a0% \u00e0 20\u00a0%, avec, en contrepartie, une baisse des taxes birmanes sur les importations am\u00e9ricaines \u00e0 une fourchette de 0 \u00e0 10\u00a0%.<\/p>\n<p>Min Aung Hlaing a \u00e9galement demand\u00e9 \u00e0 Trump de \u00ab\u00a0reconsid\u00e9rer l&rsquo;assouplissement et la lev\u00e9e des sanctions \u00e9conomiques impos\u00e9es \u00e0 la Birmanie, car elles entravent les int\u00e9r\u00eats et la prosp\u00e9rit\u00e9 partag\u00e9s des deux pays et de leurs peuples\u00a0\u00bb.<\/p>\n<p>La Birmanie est l&rsquo;une des principales sources mondiales de terres rares, des min\u00e9raux tr\u00e8s recherch\u00e9s pour des applications de d\u00e9fense de haute technologie et de consommation. S\u00e9curiser l&rsquo;approvisionnement en ces min\u00e9raux constitue une priorit\u00e9 pour l&rsquo;administration Trump dans sa comp\u00e9tition strat\u00e9gique avec la Chine, qui assure 90\u00a0% de la capacit\u00e9 mondiale de traitement des terres rares.<\/p>\n<p>La plupart des mines birmanes de terres rares se trouvent dans des zones contr\u00f4l\u00e9es par l&rsquo;Arm\u00e9e de l&rsquo;ind\u00e9pendance kachin (KIA), un groupe ethnique en lutte contre la junte, et sont trait\u00e9es en Chine.<\/p>\n<p>John Sifton, directeur du plaidoyer pour l&rsquo;Asie chez Human Rights Watch, a qualifi\u00e9 la d\u00e9cision am\u00e9ricaine de \u00ab\u00a0choquante\u00a0\u00bb et jug\u00e9 ses motivations obscures.<\/p>\n<p>\u00ab\u00a0Cette action sugg\u00e8re un changement majeur dans la politique am\u00e9ricaine, qui reposait jusqu&rsquo;ici sur des mesures punitives contre le r\u00e9gime militaire birman, lequel a men\u00e9 il y a seulement quatre ans un coup d&rsquo;\u00c9tat contre un gouvernement d\u00e9mocratiquement \u00e9lu et est impliqu\u00e9 dans des crimes contre l&rsquo;humanit\u00e9 et un g\u00e9nocide\u00a0\u00bb, a-t-il d\u00e9clar\u00e9 dans un communiqu\u00e9 envoy\u00e9 par courriel.<\/p>\n<p>\u00ab\u00a0Cette d\u00e9cision suscitera une vive inqui\u00e9tude parmi les victimes de l&rsquo;arm\u00e9e birmane et tous ceux qui luttent et militent pour un retour \u00e0 un r\u00e9gime d\u00e9mocratique en Birmanie\u00a0\u00bb, a ajout\u00e9 Sifton.<\/p>\n","protected":false},"excerpt":{"rendered":"Les \u00c9tats-Unis ont lev\u00e9, jeudi, les sanctions visant plusieurs alli\u00e9s des g\u00e9n\u00e9raux au pouvoir en Birmanie, deux semaines&hellip;\n","protected":false},"author":2,"featured_media":271890,"comment_status":"","ping_status":"","sticky":false,"template":"","format":"standard","meta":{"footnotes":""},"categories":[1589],"tags":[11,340,73,1866,12,1864,1865,1863,308],"class_list":{"0":"post-271889","1":"post","2":"type-post","3":"status-publish","4":"format-standard","5":"has-post-thumbnail","7":"category-etats-unis","8":"tag-actualites","9":"tag-bourse","10":"tag-etats-unis","11":"tag-etats-unis-damerique","12":"tag-news","13":"tag-united-states","14":"tag-united-states-of-america","15":"tag-us","16":"tag-usa"},"share_on_mastodon":{"url":"https:\/\/pubeurope.com\/@fr\/114911729650378950","error":""},"_links":{"self":[{"href":"https:\/\/www.europesays.com\/fr\/wp-json\/wp\/v2\/posts\/271889","targetHints":{"allow":["GET"]}}],"collection":[{"href":"https:\/\/www.europesays.com\/fr\/wp-json\/wp\/v2\/posts"}],"about":[{"href":"https:\/\/www.europesays.com\/fr\/wp-json\/wp\/v2\/types\/post"}],"author":[{"embeddable":true,"href":"https:\/\/www.europesays.com\/fr\/wp-json\/wp\/v2\/users\/2"}],"replies":[{"embeddable":true,"href":"https:\/\/www.europesays.com\/fr\/wp-json\/wp\/v2\/comments?post=271889"}],"version-history":[{"count":0,"href":"https:\/\/www.europesays.com\/fr\/wp-json\/wp\/v2\/posts\/271889\/revisions"}],"wp:featuredmedia":[{"embeddable":true,"href":"https:\/\/www.europesays.com\/fr\/wp-json\/wp\/v2\/media\/271890"}],"wp:attachment":[{"href":"https:\/\/www.europesays.com\/fr\/wp-json\/wp\/v2\/media?parent=271889"}],"wp:term":[{"taxonomy":"category","embeddable":true,"href":"https:\/\/www.europesays.com\/fr\/wp-json\/wp\/v2\/categories?post=271889"},{"taxonomy":"post_tag","embeddable":true,"href":"https:\/\/www.europesays.com\/fr\/wp-json\/wp\/v2\/tags?post=271889"}],"curies":[{"name":"wp","href":"https:\/\/api.w.org\/{rel}","templated":true}]}}