{"id":271893,"date":"2025-07-25T03:24:27","date_gmt":"2025-07-25T03:24:27","guid":{"rendered":"https:\/\/www.europesays.com\/fr\/271893\/"},"modified":"2025-07-25T03:24:27","modified_gmt":"2025-07-25T03:24:27","slug":"les-grands-patrons-allemands-vont-investir-631-milliards-deuros-dans-leur-economie","status":"publish","type":"post","link":"https:\/\/www.europesays.com\/fr\/271893\/","title":{"rendered":"les grands patrons allemands vont investir 631 milliards d\u2019euros dans leur \u00e9conomie"},"content":{"rendered":"<p>Baptis\u00e9e \u00abMade in Germany\u00bb, l\u2019op\u00e9ration vise \u00e0 promouvoir l\u2019attractivit\u00e9 de la premi\u00e8re \u00e9conomie europ\u00e9enne pour les investissements nationaux et \u00e9trangers apr\u00e8s deux ann\u00e9es de r\u00e9cession.<\/p>\n<p class=\"fig-paragraph\"><a href=\"http:\/\/www.lefigaro.fr\/flash-eco\/deutsche-bank-ecope-d-une-amende-de-23-millions-d-euros-20250304\" data-fig-type=\"NewsFlash\" data-gtm-custom-categorie=\"navigation\" data-gtm-custom-action=\"crossclick\" data-gtm-custom-label=\"Contextuel\" data-gtm-event=\"customEventSPE\" data-fig-domain=\"LEFIGARO\" rel=\"nofollow noopener\" target=\"_blank\">Deutsche Bank<\/a>, Siemens, Made,\u00a0<a href=\"http:\/\/www.lefigaro.fr\/societes\/volkswagen-pret-a-fermer-une-usine-en-chine-20250713\" data-fig-type=\"Article\" data-gtm-custom-categorie=\"navigation\" data-gtm-custom-action=\"crossclick\" data-gtm-custom-label=\"Contextuel\" data-gtm-event=\"customEventSPE\" data-fig-domain=\"LEFIGARO\" rel=\"nofollow noopener\" target=\"_blank\">Volkswagen<\/a>, Zalando&#8230; Une soixantaine de\u00a0grandes entreprises allemandes\u00a0ont annonc\u00e9 lundi vouloir investir au moins 100 milliards d&rsquo;euros en Allemagne dans de nouveaux projets visant \u00e0 relancer la croissance du pays lors d&rsquo;une initiative coordonn\u00e9e avec le gouvernement de\u00a0<a href=\"http:\/\/www.lefigaro.fr\/international\/couple-franco-allemand-emmanuel-macron-recu-par-friedrich-merz-a-berlin-le-23-juillet-20250716\" data-fig-type=\"NewsFlash\" data-gtm-custom-categorie=\"navigation\" data-gtm-custom-action=\"crossclick\" data-gtm-custom-label=\"Contextuel\" data-gtm-event=\"customEventSPE\" data-fig-domain=\"LEFIGARO\" rel=\"nofollow noopener\" target=\"_blank\">Friedrich Merz<\/a>.<\/p>\n<p class=\"fig-paragraph\">Les g\u00e9ants bancaire et industriel Deutsche Bank et Siemens m\u00e8nent cette op\u00e9ration baptis\u00e9e \u00abMade in Germany\u00bb visant \u00e0 promouvoir l&rsquo;attractivit\u00e9 de la premi\u00e8re \u00e9conomie europ\u00e9enne pour les investissements nationaux et \u00e9trangers apr\u00e8s deux ann\u00e9es de r\u00e9cession et des secteurs phares, comme l&rsquo;automobile, enlis\u00e9s dans une crise de comp\u00e9titivit\u00e9.<\/p>\n<p>                                    <a class=\"fig-a11y-skip a11y-hidden\" href=\"#fig-a11y-skip-main-inarticle\"><br \/>\n        Passer la publicit\u00e9<br \/>\n    <\/a><\/p>\n<p class=\"fig-paragraph\">Les entreprises membres de cette initiative se sont engag\u00e9es \u00e0 investir une enveloppe totale de 631 milliards d&rsquo;euros \u00abdans la croissance \u00e9conomique de l&rsquo;Allemagne d&rsquo;ici 2028\u00bb, comprenant des d\u00e9penses d\u00e9j\u00e0 connues ainsi que des nouveaux projets pour un montant d&rsquo;au moins 100 milliards d&rsquo;euros, selon un communiqu\u00e9 commun. \u00abCet engagement t\u00e9moigne de la forte confiance dans le potentiel de l&rsquo;Allemagne\u00bb apr\u00e8s les \u00absorties d&rsquo;investissements importantes auxquelles le pays a \u00e9t\u00e9 confront\u00e9 ces derni\u00e8res ann\u00e9es, qui ont atteint des niveaux de plusieurs centaines de milliards d&rsquo;euros\u00bb, soulignent les participants, parmi lesquels les principaux noms de la bourse de Francfort, de Volkswagen \u00e0 BASF en passant par Zalando et Rheinmetall.<\/p>\n<p class=\"fig-body-link\">\n            \u00c0 lire aussi<br \/>\n        <a class=\"fig-body-link__link fig-premium-mark\" href=\"http:\/\/www.lefigaro.fr\/conjoncture\/en-allemagne-friedrich-merz-souhaite-s-attaquer-a-l-etat-providence-20250714\" data-fig-type=\"Article\" data-gtm-custom-categorie=\"navigation\" data-gtm-custom-action=\"crossclick\" data-gtm-custom-label=\"Contextuel\" data-gtm-event=\"customEventSPE\" data-fig-domain=\"LEFIGARO\" rel=\"nofollow noopener\" target=\"_blank\">En Allemagne, Friedrich Merz souhaite s\u2019attaquer \u00e0 l&rsquo;\u00c9tat-providence<br \/>\n    <\/a>\n<\/p>\n<p>Soutenir \u00able programme de r\u00e9forme et d\u2019investissement\u00bb<\/p>\n<p class=\"fig-paragraph\">\u00abC&rsquo;est l&rsquo;une des plus grandes initiatives d&rsquo;investissement des derni\u00e8res d\u00e9cennies\u00bb, a assur\u00e9 \u00e0 la presse Friedrich Merz qui y voit \u00able signal\u00bb que \u00abl&rsquo;Allemagne est de retour\u00bb. Le redressement de l&rsquo;\u00e9conomie allemande, qui stagne depuis plus de sept ans, est l&rsquo;une des priorit\u00e9s de la coalition entre conservateurs et sociaux-d\u00e9mocrates au pouvoir depuis d\u00e9but mai.<\/p>\n<p class=\"fig-paragraph\">Les industries cl\u00e9s du pays, notamment l&rsquo;automobile, la chimie et les machines-outils, sont confront\u00e9es \u00e0 des co\u00fbts \u00e9nerg\u00e9tiques \u00e9lev\u00e9s par rapport \u00e0 leurs concurrents \u00e9trangers, ainsi que, selon leurs dirigeants, \u00e0 une bureaucratie co\u00fbteuse \u00e0 laquelle le gouvernement a promis de s&rsquo;attaquer.<\/p>\n<p class=\"fig-paragraph\">L&rsquo;initiative \u00abMade for Germany\u00bb dit soutenir \u00able programme de r\u00e9forme et d&rsquo;investissement\u00bb du chancelier conservateur, familier des milieux financiers pour avoir pr\u00e9sid\u00e9 le conseil de la filiale allemande du gestionnaire d&rsquo;actifs am\u00e9ricain BlackRock. Outre des baisses de taxes et un all\u00e8gement de la r\u00e9glementation, le gouvernement Merz mise sur un effort budg\u00e9taire cons\u00e9quent, avec une enveloppe de plusieurs centaines de milliards d&rsquo;euros programm\u00e9e pour moderniser la d\u00e9fense et les infrastructures du pays. Il a pour cela bris\u00e9 un tabou en assouplissant les r\u00e8gles nationales strictes encadrant les d\u00e9ficits publics.<\/p>\n","protected":false},"excerpt":{"rendered":"Baptis\u00e9e \u00abMade in Germany\u00bb, l\u2019op\u00e9ration vise \u00e0 promouvoir l\u2019attractivit\u00e9 de la premi\u00e8re \u00e9conomie europ\u00e9enne pour les investissements nationaux&hellip;\n","protected":false},"author":2,"featured_media":271894,"comment_status":"","ping_status":"","sticky":false,"template":"","format":"standard","meta":{"footnotes":""},"categories":[1587],"tags":[11,672,1804,1805,1803,1777,674,1801,399,12,1802],"class_list":{"0":"post-271893","1":"post","2":"type-post","3":"status-publish","4":"format-standard","5":"has-post-thumbnail","7":"category-allemagne","8":"tag-actualites","9":"tag-allemagne","10":"tag-bundesrepublik-deutschland","11":"tag-de","12":"tag-deutschland","13":"tag-eu","14":"tag-europe","15":"tag-germany","16":"tag-investissement","17":"tag-news","18":"tag-republique-federale-dallemagne"},"share_on_mastodon":{"url":"https:\/\/pubeurope.com\/@fr\/114911737474889417","error":""},"_links":{"self":[{"href":"https:\/\/www.europesays.com\/fr\/wp-json\/wp\/v2\/posts\/271893","targetHints":{"allow":["GET"]}}],"collection":[{"href":"https:\/\/www.europesays.com\/fr\/wp-json\/wp\/v2\/posts"}],"about":[{"href":"https:\/\/www.europesays.com\/fr\/wp-json\/wp\/v2\/types\/post"}],"author":[{"embeddable":true,"href":"https:\/\/www.europesays.com\/fr\/wp-json\/wp\/v2\/users\/2"}],"replies":[{"embeddable":true,"href":"https:\/\/www.europesays.com\/fr\/wp-json\/wp\/v2\/comments?post=271893"}],"version-history":[{"count":0,"href":"https:\/\/www.europesays.com\/fr\/wp-json\/wp\/v2\/posts\/271893\/revisions"}],"wp:featuredmedia":[{"embeddable":true,"href":"https:\/\/www.europesays.com\/fr\/wp-json\/wp\/v2\/media\/271894"}],"wp:attachment":[{"href":"https:\/\/www.europesays.com\/fr\/wp-json\/wp\/v2\/media?parent=271893"}],"wp:term":[{"taxonomy":"category","embeddable":true,"href":"https:\/\/www.europesays.com\/fr\/wp-json\/wp\/v2\/categories?post=271893"},{"taxonomy":"post_tag","embeddable":true,"href":"https:\/\/www.europesays.com\/fr\/wp-json\/wp\/v2\/tags?post=271893"}],"curies":[{"name":"wp","href":"https:\/\/api.w.org\/{rel}","templated":true}]}}