{"id":271895,"date":"2025-07-25T03:25:11","date_gmt":"2025-07-25T03:25:11","guid":{"rendered":"https:\/\/www.europesays.com\/fr\/271895\/"},"modified":"2025-07-25T03:25:11","modified_gmt":"2025-07-25T03:25:11","slug":"lalgerie-et-lunion-europeenne-au-seuil-dune-guerre-commerciale","status":"publish","type":"post","link":"https:\/\/www.europesays.com\/fr\/271895\/","title":{"rendered":"L\u2019Alg\u00e9rie et l\u2019Union europ\u00e9enne au seuil d\u2019une guerre commerciale ?"},"content":{"rendered":"\n<p>Entre l\u2019Alg\u00e9rie et l\u2019Union europ\u00e9enne (UE), la relation n\u2019est plus au beau fixe. Elle s\u2019est d\u00e9t\u00e9rior\u00e9e apr\u00e8s que l\u2019UE a annonc\u00e9 le lancement d\u2019une proc\u00e9dure d\u2019arbitrage \u00e0 l\u2019\u00e9gard des \u201crestrictions commerciales et d\u2019investissements\u201d op\u00e9r\u00e9es par l\u2019Alg\u00e9rie contre les entreprises europ\u00e9ennes, et plus particuli\u00e8rement fran\u00e7aises.<\/p>\n<p>L\u2019Alg\u00e9rie, par la voix du minist\u00e8re des Affaires \u00e9trang\u00e8res [MAE], se dit surprise par la d\u00e9cision europ\u00e9enne. L\u2019Alg\u00e9rie a en effet r\u00e9agi le jeudi 17\u00a0juillet \u00e0 la d\u00e9cision de l\u2019UE, exprim\u00e9e publiquement la veille, de lancer une proc\u00e9dure d\u2019arbitrage contre les mesures de \u201crestrictions commerciales et d\u2019investissements\u201d.<\/p>\n<p>Le d\u00e9partement d\u2019Ahmed Attaf [le chef de la diplomatie alg\u00e9rienne] a adress\u00e9 un courrier \u00e0 la haute repr\u00e9sentante de l\u2019UE pour les affaires \u00e9trang\u00e8res et la politique de s\u00e9curit\u00e9 et vice-pr\u00e9sidente de la Commission europ\u00e9enne, Mme\u00a0Kaja Kallas.<\/p>\n<p> Bras de fer proc\u00e9durier <\/p>\n<p>L\u2019Alg\u00e9rie a d\u00e9plor\u00e9, dans la missive du MAE, une d\u00e9cision \u201ch\u00e2tive et unilat\u00e9rale\u201d de l\u2019UE, qui a d\u00e9cid\u00e9 d\u2019arr\u00eater les consultations, lesquelles \u00e9taient en cours, et de d\u00e9clencher une proc\u00e9dure d\u2019arbitrage. L\u2019Alg\u00e9rie rappelle dans son courrier que \u201cseules deux r\u00e9unions de consultations ont \u00e9t\u00e9 tenues sur une courte p\u00e9riode de deux mois, et que six des huit contentieux soulev\u00e9s par<\/p>\n","protected":false},"excerpt":{"rendered":"Entre l\u2019Alg\u00e9rie et l\u2019Union europ\u00e9enne (UE), la relation n\u2019est plus au beau fixe. Elle s\u2019est d\u00e9t\u00e9rior\u00e9e apr\u00e8s que&hellip;\n","protected":false},"author":2,"featured_media":271896,"comment_status":"","ping_status":"","sticky":false,"template":"","format":"standard","meta":{"footnotes":""},"categories":[1586],"tags":[11,879,23240,1777,674,1011,27,1892,12,25,3187,2542,2475],"class_list":{"0":"post-271895","1":"post","2":"type-post","3":"status-publish","4":"format-standard","5":"has-post-thumbnail","7":"category-europe","8":"tag-actualites","9":"tag-afrique","10":"tag-algu00e9rie","11":"tag-eu","12":"tag-europe","13":"tag-fr","14":"tag-france","15":"tag-gu00e9opolitique","16":"tag-news","17":"tag-republique-francaise","18":"tag-tensions-france-algu00e9rie","19":"tag-u00e9conomie","20":"tag-union-europu00e9enne"},"share_on_mastodon":{"url":"https:\/\/pubeurope.com\/@fr\/114911741454291377","error":""},"_links":{"self":[{"href":"https:\/\/www.europesays.com\/fr\/wp-json\/wp\/v2\/posts\/271895","targetHints":{"allow":["GET"]}}],"collection":[{"href":"https:\/\/www.europesays.com\/fr\/wp-json\/wp\/v2\/posts"}],"about":[{"href":"https:\/\/www.europesays.com\/fr\/wp-json\/wp\/v2\/types\/post"}],"author":[{"embeddable":true,"href":"https:\/\/www.europesays.com\/fr\/wp-json\/wp\/v2\/users\/2"}],"replies":[{"embeddable":true,"href":"https:\/\/www.europesays.com\/fr\/wp-json\/wp\/v2\/comments?post=271895"}],"version-history":[{"count":0,"href":"https:\/\/www.europesays.com\/fr\/wp-json\/wp\/v2\/posts\/271895\/revisions"}],"wp:featuredmedia":[{"embeddable":true,"href":"https:\/\/www.europesays.com\/fr\/wp-json\/wp\/v2\/media\/271896"}],"wp:attachment":[{"href":"https:\/\/www.europesays.com\/fr\/wp-json\/wp\/v2\/media?parent=271895"}],"wp:term":[{"taxonomy":"category","embeddable":true,"href":"https:\/\/www.europesays.com\/fr\/wp-json\/wp\/v2\/categories?post=271895"},{"taxonomy":"post_tag","embeddable":true,"href":"https:\/\/www.europesays.com\/fr\/wp-json\/wp\/v2\/tags?post=271895"}],"curies":[{"name":"wp","href":"https:\/\/api.w.org\/{rel}","templated":true}]}}