{"id":27190,"date":"2025-04-15T18:27:30","date_gmt":"2025-04-15T18:27:30","guid":{"rendered":"https:\/\/www.europesays.com\/fr\/27190\/"},"modified":"2025-04-15T18:27:30","modified_gmt":"2025-04-15T18:27:30","slug":"grenoble-suivez-en-direct-la-vie-dun-couple-de-faucons-depuis-le-campus-universitaire","status":"publish","type":"post","link":"https:\/\/www.europesays.com\/fr\/27190\/","title":{"rendered":"Grenoble. Suivez en direct la vie d\u2019un couple de faucons depuis le campus universitaire"},"content":{"rendered":"<p>Depuis quelques jours, un couple de faucons cr\u00e9cerelles est sous surveillance\u2026 bienveillante. Sur le campus universitaire de Grenoble, un nichoir \u00e9quip\u00e9 d\u2019une webcam permet d\u00e9sormais de <a href=\"https:\/\/www.youtube.com\/watch?v=tnnFpZRfgTU\" target=\"_blank\" rel=\"noopener\">suivre en direct<\/a> la vie de ces rapaces fascinants.<\/p>\n<p>Cette initiative fait suite au sauvetage d\u2019un jeune faucon tomb\u00e9 du haut de la biblioth\u00e8que universitaire Joseph-Fourier en juin\u00a02023. Apr\u00e8s l\u2019incident, le nid avait \u00e9t\u00e9 s\u00e9curis\u00e9 temporairement\u00a0\u00a0; il est aujourd\u2019hui remplac\u00e9 par un am\u00e9nagement durable, pens\u00e9 pour le bien-\u00eatre de l\u2019esp\u00e8ce.<\/p>\n<p>Ce contenu est bloqu\u00e9 car vous n&rsquo;avez pas accept\u00e9 les cookies et autres traceurs.<\/p>\n<p>En cliquant sur \u00ab J\u2019accepte \u00bb, les cookies et autres traceurs seront d\u00e9pos\u00e9s et vous pourrez visualiser les contenus  (<a href=\"\" class=\"consentModule_policy\" target=\"_blank\" title=\"Consulter la politique de protection des donn\u00e9es du fournisseur\">plus d&rsquo;informations<\/a>).<\/p>\n<p>En cliquant sur \u00ab J\u2019accepte tous les cookies \u00bb, vous autorisez des d\u00e9p\u00f4ts de cookies et autres traceurs pour le stockage de vos donn\u00e9es sur nos sites et applications \u00e0 des fins de personnalisation et de ciblage publicitaire.<\/p>\n<p class=\"consentModule_secondaryText\">Vous gardez la possibilit\u00e9 de retirer votre consentement \u00e0 tout moment en consultant notre <a href=\"https:\/\/www.ledauphine.com\/protection-des-donnees\" target=\"_blank\" title=\"Consulter notre politique de protection des donn\u00e9es\" rel=\"noopener\">politique de protection des donn\u00e9es<\/a>. <br \/>&#13;<br \/>\n            <a href=\"https:\/\/www.ledauphine.com\/societe\/2025\/04\/15\/javascript:Didomi.notice.show()\" class=\"consentModule_cmp\" target=\"_blank\" rel=\"noopener\">G\u00e9rer mes choix<\/a>&#13;\n        <\/p>\n<p>&#13;<br \/>\n                        J&rsquo;accepte&#13;<br \/>\n            J&rsquo;accepte tous les cookies&#13;\n        <\/p>\n<p>Le dispositif a \u00e9t\u00e9 con\u00e7u et install\u00e9 par Jean-Pascal Faverjon, b\u00e9n\u00e9vole \u00e0 la LPO (Ligue pour la protection des oiseaux) Auvergne-Rh\u00f4ne-Alpes et sp\u00e9cialiste reconnu des faucons. Il a imagin\u00e9 un nichoir en aluminium, r\u00e9sistant, l\u00e9ger et protecteur, avec une plateforme spacieuse pour nourrir les petits, des prises pour renforcer les ailes des jeunes avant leur envol, et des petits cailloux pour permettre aux adultes de creuser une cuvette, les cr\u00e9cerelles ne construisant pas de nid, <a href=\"https:\/\/auvergne-rhone-alpes.lpo.fr\/faucons-crecerelles-en-direct-une-fenetre-sur-la-nature-a-luga\/\" target=\"_blank\" rel=\"noopener\">explique sur son site la LPO<\/a>.<\/p>\n<p>Le suivi de la webcam a d\u00e9j\u00e0 permis de documenter la phase de ponte\u00a0: le premier \u0153uf a \u00e9t\u00e9 pondu le 1er\u00a0avril, le cinqui\u00e8me le 9\u00a0avril. Les internautes peuvent ainsi assister en temps r\u00e9el \u00e0 cette \u00e9tape cl\u00e9 de la reproduction, sans aucun d\u00e9rangement pour les oiseaux. Le projet grenoblois s\u2019inscrit dans une d\u00e9marche r\u00e9gionale port\u00e9e par la LPO. Trois autres webcams de nidification sont actives en Auvergne-Rh\u00f4ne-Alpes pour observer les couples de faucons p\u00e8lerin\u00a0: l\u2019une est install\u00e9e sur la tour Silex II \u00e0 Lyon, une autre \u00e0 Saint-Chamond (Loire) et la derni\u00e8re \u00e0 Ch\u00e2teauneuf (Loire).<\/p>\n","protected":false},"excerpt":{"rendered":"Depuis quelques jours, un couple de faucons cr\u00e9cerelles est sous surveillance\u2026 bienveillante. Sur le campus universitaire de Grenoble,&hellip;\n","protected":false},"author":2,"featured_media":27191,"comment_status":"","ping_status":"","sticky":false,"template":"","format":"standard","meta":{"footnotes":""},"categories":[9566],"tags":[1111,11,1867,2430,112,1777,674,1011,27,2731,2732,1757,108,12,25,104],"class_list":{"0":"post-27190","1":"post","2":"type-post","3":"status-publish","4":"format-standard","5":"has-post-thumbnail","7":"category-grenoble","8":"tag-actu","9":"tag-actualites","10":"tag-animaux","11":"tag-auvergne-rhone-alpes","12":"tag-edition-grenoble-agglomeration","13":"tag-eu","14":"tag-europe","15":"tag-fr","16":"tag-france","17":"tag-grenoble","18":"tag-grenoble-bassin","19":"tag-insolite","20":"tag-isere","21":"tag-news","22":"tag-republique-francaise","23":"tag-societe"},"share_on_mastodon":{"url":"https:\/\/pubeurope.com\/@fr\/114343394992366677","error":""},"_links":{"self":[{"href":"https:\/\/www.europesays.com\/fr\/wp-json\/wp\/v2\/posts\/27190","targetHints":{"allow":["GET"]}}],"collection":[{"href":"https:\/\/www.europesays.com\/fr\/wp-json\/wp\/v2\/posts"}],"about":[{"href":"https:\/\/www.europesays.com\/fr\/wp-json\/wp\/v2\/types\/post"}],"author":[{"embeddable":true,"href":"https:\/\/www.europesays.com\/fr\/wp-json\/wp\/v2\/users\/2"}],"replies":[{"embeddable":true,"href":"https:\/\/www.europesays.com\/fr\/wp-json\/wp\/v2\/comments?post=27190"}],"version-history":[{"count":0,"href":"https:\/\/www.europesays.com\/fr\/wp-json\/wp\/v2\/posts\/27190\/revisions"}],"wp:featuredmedia":[{"embeddable":true,"href":"https:\/\/www.europesays.com\/fr\/wp-json\/wp\/v2\/media\/27191"}],"wp:attachment":[{"href":"https:\/\/www.europesays.com\/fr\/wp-json\/wp\/v2\/media?parent=27190"}],"wp:term":[{"taxonomy":"category","embeddable":true,"href":"https:\/\/www.europesays.com\/fr\/wp-json\/wp\/v2\/categories?post=27190"},{"taxonomy":"post_tag","embeddable":true,"href":"https:\/\/www.europesays.com\/fr\/wp-json\/wp\/v2\/tags?post=27190"}],"curies":[{"name":"wp","href":"https:\/\/api.w.org\/{rel}","templated":true}]}}