{"id":271903,"date":"2025-07-25T03:29:16","date_gmt":"2025-07-25T03:29:16","guid":{"rendered":"https:\/\/www.europesays.com\/fr\/271903\/"},"modified":"2025-07-25T03:29:16","modified_gmt":"2025-07-25T03:29:16","slug":"pourquoi-la-19e-etape-est-elle-raccourcie-de-pres-de-35-kilometres","status":"publish","type":"post","link":"https:\/\/www.europesays.com\/fr\/271903\/","title":{"rendered":"pourquoi la 19e \u00e9tape est-elle raccourcie de pr\u00e8s de 35 kilom\u00e8tres ?"},"content":{"rendered":"<p class=\"article-p mdl\">Au lendemain de l&rsquo;\u00e9tape reine du Tour de France, entre Vif et Courchevel Col de la Loze, qui a vu l&rsquo;Australien Ben O&rsquo;Connor l&#8217;emporter, <strong>la 19e \u00e9tape entre Albertville et La Plagne se voit amput\u00e9e d&rsquo;une partie de son trac\u00e9<\/strong>. Ainsi, 34,9 kilom\u00e8tres vont \u00eatre retir\u00e9s de cette deuxi\u00e8me \u00e9tape dans les Alpes, dont le col des Saisies, a annonc\u00e9 la soci\u00e9t\u00e9 organisatrice du Tour dans un communiqu\u00e9.<br \/>ASO a expliqu\u00e9 que \u00ab\u00a0la <strong>d\u00e9couverte au sein d&rsquo;un troupeau<\/strong> situ\u00e9 pr\u00e9cis\u00e9ment dans le col des Saisies d&rsquo;un foyer de <strong>dermatose nodulaire contagieuse<\/strong> touchant les bovins doit conduire \u00e0 l&rsquo;abattage des animaux. Et d&rsquo;ajouter : \u00ab\u00a0Devant le d\u00e9sarroi des \u00e9leveurs concern\u00e9s et afin de pr\u00e9server la s\u00e9r\u00e9nit\u00e9 de la course, il a \u00e9t\u00e9 d\u00e9cid\u00e9, en accord avec les autorit\u00e9s, de modifier le\u00a0<a class=\"link\" href=\"https:\/\/www.rtl.fr\/sport\/autres-sports\/tour-de-france-2025-19e-etape-entre-albertville-et-la-plagne-vendredi-25-juillet-7900525622\" title=\"Tour de France 2025 : 19e \u00e9tape entre Albertville et La Plagne vendredi 25 juillet\" target=\"_blank\" rel=\"noopener\">parcours de la 19e \u00e9tape<\/a>\u00ab\u00a0.<\/p>\n<p class=\"article-p mdl\">L&rsquo;\u00e9tape ne fera plus que <strong>95 km au lieu des 129,9 km pr\u00e9vus<\/strong>. Trois ascensions restent au programme avec le col du Pr\u00e9, class\u00e9 en hors cat\u00e9gorie (12,6 km \u00e0 7,7 %), le Cormet de Roselend (5,9 km \u00e0 6,3 %) et la mont\u00e9e finale vers La Plagne (19,1 km \u00e0 7,2 %). Aussi, le d\u00e9part fictif sera donn\u00e9 \u00e0 14h30, soit une heure apr\u00e8s l&rsquo;horaire initialement pr\u00e9vu.<\/p>\n<p>    La r\u00e9daction vous recommande<\/p>\n<p class=\"s-newsletter__title\">\n                L\u2019actualit\u00e9 par la r\u00e9daction de RTL dans votre bo\u00eete mail.\n            <\/p>\n<p class=\"s-newsletter__subtitle\">\n                Gr\u00e2ce \u00e0 votre compte RTL abonnez-vous \u00e0 la newsletter RTL info pour suivre toute l&rsquo;actualit\u00e9 au quotidien\n            <\/p>\n<p>\n                                    Lire la suite\n                                <\/p>\n","protected":false},"excerpt":{"rendered":"Au lendemain de l&rsquo;\u00e9tape reine du Tour de France, entre Vif et Courchevel Col de la Loze, qui&hellip;\n","protected":false},"author":2,"featured_media":271904,"comment_status":"","ping_status":"","sticky":false,"template":"","format":"standard","meta":{"footnotes":""},"categories":[4],"tags":[11,207,2619,1011,27,226,12,25,517,210],"class_list":{"0":"post-271903","1":"post","2":"type-post","3":"status-publish","4":"format-standard","5":"has-post-thumbnail","7":"category-france","8":"tag-actualites","9":"tag-cyclisme","10":"tag-fil-sport","11":"tag-fr","12":"tag-france","13":"tag-maladie","14":"tag-news","15":"tag-republique-francaise","16":"tag-sport","17":"tag-tour-de-france"},"share_on_mastodon":{"url":"https:\/\/pubeurope.com\/@fr\/114911757143637324","error":""},"_links":{"self":[{"href":"https:\/\/www.europesays.com\/fr\/wp-json\/wp\/v2\/posts\/271903","targetHints":{"allow":["GET"]}}],"collection":[{"href":"https:\/\/www.europesays.com\/fr\/wp-json\/wp\/v2\/posts"}],"about":[{"href":"https:\/\/www.europesays.com\/fr\/wp-json\/wp\/v2\/types\/post"}],"author":[{"embeddable":true,"href":"https:\/\/www.europesays.com\/fr\/wp-json\/wp\/v2\/users\/2"}],"replies":[{"embeddable":true,"href":"https:\/\/www.europesays.com\/fr\/wp-json\/wp\/v2\/comments?post=271903"}],"version-history":[{"count":0,"href":"https:\/\/www.europesays.com\/fr\/wp-json\/wp\/v2\/posts\/271903\/revisions"}],"wp:featuredmedia":[{"embeddable":true,"href":"https:\/\/www.europesays.com\/fr\/wp-json\/wp\/v2\/media\/271904"}],"wp:attachment":[{"href":"https:\/\/www.europesays.com\/fr\/wp-json\/wp\/v2\/media?parent=271903"}],"wp:term":[{"taxonomy":"category","embeddable":true,"href":"https:\/\/www.europesays.com\/fr\/wp-json\/wp\/v2\/categories?post=271903"},{"taxonomy":"post_tag","embeddable":true,"href":"https:\/\/www.europesays.com\/fr\/wp-json\/wp\/v2\/tags?post=271903"}],"curies":[{"name":"wp","href":"https:\/\/api.w.org\/{rel}","templated":true}]}}