{"id":271907,"date":"2025-07-25T03:33:11","date_gmt":"2025-07-25T03:33:11","guid":{"rendered":"https:\/\/www.europesays.com\/fr\/271907\/"},"modified":"2025-07-25T03:33:11","modified_gmt":"2025-07-25T03:33:11","slug":"deja-forfait-a-toronto-et-a-cincinnati-hurkacz-manquera-egalement-lus-open","status":"publish","type":"post","link":"https:\/\/www.europesays.com\/fr\/271907\/","title":{"rendered":"D\u00e9j\u00e0 forfait \u00e0 Toronto et \u00e0 Cincinnati, Hurkacz manquera \u00e9galement l\u2019US Open"},"content":{"rendered":"<p>                <img decoding=\"async\" src=\"https:\/\/www.europesays.com\/fr\/wp-content\/uploads\/2025\/07\/EHL6.jpg\" alt=\"D\u00e9j\u00e0 forfait \u00e0 Toronto et \u00e0 Cincinnati, Hurkacz manquera \u00e9galement l\u2019US Open\"\/><\/p>\n<p><strong>Hubert Hurkacz ne reviendra pas \u00e0 la comp\u00e9tition avant le mois de septembre.<\/strong><\/p>\n<p>Le Polonais, dont le dernier match remonte \u00e0 d\u00e9but juin \u00e0 \u2019s-Hertogenbosch, a subi il y a trois semaines une arthroscopie du genou. Une op\u00e9ration qui l\u2019avait d\u00e9j\u00e0 oblig\u00e9 \u00e0 renoncer ces derniers jours aux Masters 1000 de Toronto et Cincinnati.<\/p>\n<p>Ce jeudi, le joueur de 28 ans a officialis\u00e9 son forfait pour l\u2019US Open, o\u00f9 il n&rsquo;a jamais fait mieux qu&rsquo;un deuxi\u00e8me tour en sept participations. Son retrait permet \u00e0 Elmer Moller, 107e mondial, de disputer son premier grand tableau \u00e0 Flushing Meadows.<\/p>\n","protected":false},"excerpt":{"rendered":"Hubert Hurkacz ne reviendra pas \u00e0 la comp\u00e9tition avant le mois de septembre. Le Polonais, dont le dernier&hellip;\n","protected":false},"author":2,"featured_media":271908,"comment_status":"","ping_status":"","sticky":false,"template":"","format":"standard","meta":{"footnotes":""},"categories":[1415],"tags":[1011,27,60,1467],"class_list":{"0":"post-271907","1":"post","2":"type-post","3":"status-publish","4":"format-standard","5":"has-post-thumbnail","7":"category-tennis","8":"tag-fr","9":"tag-france","10":"tag-sports","11":"tag-tennis"},"share_on_mastodon":{"url":"https:\/\/pubeurope.com\/@fr\/114911772869504762","error":""},"_links":{"self":[{"href":"https:\/\/www.europesays.com\/fr\/wp-json\/wp\/v2\/posts\/271907","targetHints":{"allow":["GET"]}}],"collection":[{"href":"https:\/\/www.europesays.com\/fr\/wp-json\/wp\/v2\/posts"}],"about":[{"href":"https:\/\/www.europesays.com\/fr\/wp-json\/wp\/v2\/types\/post"}],"author":[{"embeddable":true,"href":"https:\/\/www.europesays.com\/fr\/wp-json\/wp\/v2\/users\/2"}],"replies":[{"embeddable":true,"href":"https:\/\/www.europesays.com\/fr\/wp-json\/wp\/v2\/comments?post=271907"}],"version-history":[{"count":0,"href":"https:\/\/www.europesays.com\/fr\/wp-json\/wp\/v2\/posts\/271907\/revisions"}],"wp:featuredmedia":[{"embeddable":true,"href":"https:\/\/www.europesays.com\/fr\/wp-json\/wp\/v2\/media\/271908"}],"wp:attachment":[{"href":"https:\/\/www.europesays.com\/fr\/wp-json\/wp\/v2\/media?parent=271907"}],"wp:term":[{"taxonomy":"category","embeddable":true,"href":"https:\/\/www.europesays.com\/fr\/wp-json\/wp\/v2\/categories?post=271907"},{"taxonomy":"post_tag","embeddable":true,"href":"https:\/\/www.europesays.com\/fr\/wp-json\/wp\/v2\/tags?post=271907"}],"curies":[{"name":"wp","href":"https:\/\/api.w.org\/{rel}","templated":true}]}}