{"id":271909,"date":"2025-07-25T03:35:22","date_gmt":"2025-07-25T03:35:22","guid":{"rendered":"https:\/\/www.europesays.com\/fr\/271909\/"},"modified":"2025-07-25T03:35:22","modified_gmt":"2025-07-25T03:35:22","slug":"lespagnol-marc-marquez-vainqueur-de-la-course-du-mans-le-francais-quartararo-termine-4%e1%b5%89","status":"publish","type":"post","link":"https:\/\/www.europesays.com\/fr\/271909\/","title":{"rendered":"l&rsquo;Espagnol Marc Marquez vainqueur de la course du Mans, le Fran\u00e7ais Quartararo termine 4\u1d49"},"content":{"rendered":"<p>Le Catalan Marc Marquez a remport\u00e9 ce samedi 10 mai la course\u00a0sprint\u00a0du Grand Prix de France de\u00a0MotoGP. Il remporte ainsi sa sixi\u00e8me victoire en six sprints cette ann\u00e9e. Le Fran\u00e7ais Fabio Quartararo termine aux portes du podium \u00e0 la 4\u1d49 place. <\/p>\n<p>L&rsquo;Espagnol\u00a0<a href=\"https:\/\/www.europe1.fr\/sport\/grand-prix-despagne-de-motogp-lespagnol-alex-marquez-simpose-devant-le-francais-fabio-quartararo-708909\" rel=\"nofollow noopener\" target=\"_blank\">Marc\u00a0Marquez<\/a>\u00a0(Ducati) a\u00a0remport\u00e9\u00a0la course\u00a0sprint\u00a0du <a href=\"https:\/\/www.europe1.fr\/sport\/motogp-le-grand-prix-de-france-prolonge-jusquen-2031-670747\" rel=\"nofollow noopener\" target=\"_blank\">Grand Prix de France de\u00a0MotoGP,<\/a> sixi\u00e8me manche de la saison, alors que le Fran\u00e7ais <a href=\"https:\/\/www.europe1.fr\/sport\/Moto-3-Fabio-Quartararo-le-petit-prodige-nicois-786944\" rel=\"nofollow noopener\" target=\"_blank\">Fabio\u00a0Quartararo\u00a0<\/a>(Yamaha) a termin\u00e9 au pied du podium, samedi sur le circuit Bugatti du\u00a0Mans.<\/p>\n<p>    La suite apr\u00e8s cette publicit\u00e9<\/p>\n<p>    La suite apr\u00e8s cette publicit\u00e9<\/p>\n<p>Le sextuple champion du monde, qui a ainsi d\u00e9croch\u00e9 sa sixi\u00e8me victoire en six sprints cette ann\u00e9e, a devanc\u00e9 les deux Ducati-Gresini de son fr\u00e8re Alex et du rookie Fermin Aldeguer.<\/p>\n<p>Marc\u00a0Marquez\u00a0en profite pour reprendre la t\u00eate du championnat \u00e0 son fr\u00e8re, qui poss\u00e8de d\u00e9sormais deux longueurs de retard sur lui.<\/p>\n<p>    La suite apr\u00e8s cette publicit\u00e9<\/p>\n<p>    La suite apr\u00e8s cette publicit\u00e9<\/p>\n<p>\u00ab\u00a0J&rsquo;\u00e9tais tr\u00e8s d\u00e9tendu, peut-\u00eatre m\u00eame un peu trop\u00a0\u00bb<\/p>\n<p>\u00ab\u00a0Fabio \u00e9tait super rapide au d\u00e9but de la course et je ne pouvais pas suivre son rythme mais ensuite il a baiss\u00e9 un peu le pied alors que moi je me sentais de mieux en mieux sur ma moto. J&rsquo;\u00e9tais tr\u00e8s d\u00e9tendu, peut-\u00eatre m\u00eame un peu trop, lors des derniers tours. On verra ce qu&rsquo;on peut faire demain (dimanche) lors du Grand Prix\u00a0\u00bb, a d\u00e9clar\u00e9 le Catalan.<\/p>\n<p>\u00ab\u00a0El Diablo\u00a0\u00bb, qui avait enflamm\u00e9 le circuit Bugatti samedi matin et d\u00e9croch\u00e9 la pole position en pulv\u00e9risant le record du trac\u00e9 sarthois, a fait un tr\u00e8s bon d\u00e9part mais il a \u00e9t\u00e9 d\u00e9pass\u00e9 par\u00a0Marquez\u00a0au sixi\u00e8me des 13 tours de course, avant d&rsquo;\u00eatre incapable de suivre le rythme impos\u00e9 par les trois motos Ducati.<\/p>\n<p>    La suite apr\u00e8s cette publicit\u00e9<\/p>\n<p>    La suite apr\u00e8s cette publicit\u00e9<\/p>\n<p>A trois tours de la fin de la course, le Ni\u00e7ois a \u00e9t\u00e9 d\u00e9pass\u00e9 par Aldeguer, qui a touch\u00e9 la Yamaha du Tricolore au cours d&rsquo;une manoeuvre muscl\u00e9e pour aller d\u00e9crocher son premier podium dans la cat\u00e9gorie reine.<\/p>\n<p>\u00ab\u00a0J&rsquo;ai fait le maximum, je me suis amus\u00e9, la quatri\u00e8me place \u00e9tait le meilleur r\u00e9sultat \u00a0\u00bb<\/p>\n<p>\u00ab\u00a0Sur un tour on a trouv\u00e9 quelque chose, mais on savait que sur le rythme en course \u00e7a serait compliqu\u00e9. Il nous manque un peu de puissance, un peu d&rsquo;a\u00e9rodynamique, on perd du grip&#8230; Ce sont plein de petites choses. On a aussi eu de la d\u00e9gradation sur le pneu arri\u00e8re\u00a0\u00bb, a d\u00e9taill\u00e9\u00a0Quartararo\u00a0au micro de Canal+.<\/p>\n<p>    La suite apr\u00e8s cette publicit\u00e9<\/p>\n<p>\u00ab\u00a0J&rsquo;ai fait le maximum, je me suis amus\u00e9 et je pense que la quatri\u00e8me place \u00e9tait le meilleur r\u00e9sultat qu&rsquo;on pouvait obtenir aujourd&rsquo;hui\u00a0\u00bb, a-t-il ajout\u00e9, tr\u00e8s souriant.<\/p>\n<p>L&rsquo;Espagnol Maverick Vinales a arrach\u00e9 la cinqui\u00e8me place au guidon de la KTM de l&rsquo;\u00e9quipe Tech3 du Fran\u00e7ais Herv\u00e9 Poncharal.<\/p>\n<p>L&rsquo;autre Fran\u00e7ais de la grille, Johann Zarco (Honda-LCR), a pris une belle sixi\u00e8me place apr\u00e8s s&rsquo;\u00eatre \u00e9lanc\u00e9 au 11e rang.<\/p>\n<p>Le perdant de la journ\u00e9e a \u00e9t\u00e9 le double champion du monde italien Francesco Bagnaia (Ducati). Encore surclass\u00e9 par son co\u00e9quipier\u00a0Marc\u00a0Marquez\u00a0en qualifications, o\u00f9 il n&rsquo;a r\u00e9alis\u00e9 que le sixi\u00e8me temps, le Turinois a chut\u00e9 et se retrouve d\u00e9sormais \u00e0 31 points de\u00a0Marc\u00a0marquez\u00a0au classement du championnat.<\/p>\n","protected":false},"excerpt":{"rendered":"Le Catalan Marc Marquez a remport\u00e9 ce samedi 10 mai la course\u00a0sprint\u00a0du Grand Prix de France de\u00a0MotoGP. Il&hellip;\n","protected":false},"author":2,"featured_media":271910,"comment_status":"","ping_status":"","sticky":false,"template":"","format":"standard","meta":{"footnotes":""},"categories":[1413],"tags":[1011,27,1457,1456,60],"class_list":{"0":"post-271909","1":"post","2":"type-post","3":"status-publish","4":"format-standard","5":"has-post-thumbnail","7":"category-moto","8":"tag-fr","9":"tag-france","10":"tag-moto","11":"tag-motocycle","12":"tag-sports"},"share_on_mastodon":{"url":"https:\/\/pubeurope.com\/@fr\/114911780763349742","error":""},"_links":{"self":[{"href":"https:\/\/www.europesays.com\/fr\/wp-json\/wp\/v2\/posts\/271909","targetHints":{"allow":["GET"]}}],"collection":[{"href":"https:\/\/www.europesays.com\/fr\/wp-json\/wp\/v2\/posts"}],"about":[{"href":"https:\/\/www.europesays.com\/fr\/wp-json\/wp\/v2\/types\/post"}],"author":[{"embeddable":true,"href":"https:\/\/www.europesays.com\/fr\/wp-json\/wp\/v2\/users\/2"}],"replies":[{"embeddable":true,"href":"https:\/\/www.europesays.com\/fr\/wp-json\/wp\/v2\/comments?post=271909"}],"version-history":[{"count":0,"href":"https:\/\/www.europesays.com\/fr\/wp-json\/wp\/v2\/posts\/271909\/revisions"}],"wp:featuredmedia":[{"embeddable":true,"href":"https:\/\/www.europesays.com\/fr\/wp-json\/wp\/v2\/media\/271910"}],"wp:attachment":[{"href":"https:\/\/www.europesays.com\/fr\/wp-json\/wp\/v2\/media?parent=271909"}],"wp:term":[{"taxonomy":"category","embeddable":true,"href":"https:\/\/www.europesays.com\/fr\/wp-json\/wp\/v2\/categories?post=271909"},{"taxonomy":"post_tag","embeddable":true,"href":"https:\/\/www.europesays.com\/fr\/wp-json\/wp\/v2\/tags?post=271909"}],"curies":[{"name":"wp","href":"https:\/\/api.w.org\/{rel}","templated":true}]}}