{"id":271911,"date":"2025-07-25T03:36:25","date_gmt":"2025-07-25T03:36:25","guid":{"rendered":"https:\/\/www.europesays.com\/fr\/271911\/"},"modified":"2025-07-25T03:36:25","modified_gmt":"2025-07-25T03:36:25","slug":"la-saison-reprend-en-belgique-avec-les-grands-debuts-du-tourangeau-laurent-mekies-avec-red-bull","status":"publish","type":"post","link":"https:\/\/www.europesays.com\/fr\/271911\/","title":{"rendered":"la saison reprend en Belgique, avec les grands d\u00e9buts du Tourangeau Laurent Mekies avec Red Bull"},"content":{"rendered":"<p>L\u2019\u00e9curie Red Bull a fait couler beaucoup d\u2019encre ces derniers jours. Mais, une fois n\u2019est pas coutume, ce n\u2019est pas pour ses performances en piste ou un nouveau record battu par Max Verstappen. C\u2019est plut\u00f4t pour le renvoi de Christian Horner, qui dirigeait l\u2019\u00e9quipe depuis ses d\u00e9buts en F1 en 2005. L\u2019annonce a fait l\u2019effet d\u2019un coup de tonnerre dans le paddock qui ne s\u2019y attendait absolument pas, surtout en plein milieu de la saison.<\/p>\n<p>Le Britannique est <a target=\"_self\" href=\"https:\/\/www.lanouvellerepublique.fr\/tours\/formule-1-red-bull-ecarte-christian-horner-le-tourangeau-laurent-mekies-le-remplace-1752066523\" rel=\"nofollow noopener\">remplac\u00e9 par le Fran\u00e7ais Laurent Mekies, natif de Tours,<\/a> qui dirigeait depuis d\u00e9but 2024 Racing Bulls, l\u2019autre \u00e9curie de la galaxie Red Bull. Il va donc se retrouver propuls\u00e9 sur le devant de la sc\u00e8ne en Belgique.<\/p>\n<p>Vertsappen veut \u00ab\u00a0aller de l\u2019avant\u00a0\u00bb<\/p>\n<p>\u00ab\u00a0Ce sont des choses qui peuvent arriver. Mais il faut aller de l\u2019avant. Regarder en arri\u00e8re ne nous fera pas aller plus vite. J\u2019ai travaill\u00e9 au simulateur depuis l\u2019annonce et j\u2019ai d\u00e9j\u00e0 eu plusieurs r\u00e9unions avec Laurent. Il a \u00e9t\u00e9 tr\u00e8s occup\u00e9 ces deux derni\u00e8res semaines\u00a0\u00bb, a d\u00e9clar\u00e9 Verstappen jeudi en conf\u00e9rence de presse.<\/p>\n<p>Triple vainqueur \u00e0 Spa (2021, 2022, 2023), le N\u00e9erlandais tentera de renouer avec le succ\u00e8s sur le mythique trac\u00e9 belge, o\u00f9 il sera soutenu par des milliers de supporteurs. \u00ab\u00a0Spa a toujours \u00e9t\u00e9 mon circuit pr\u00e9f\u00e9r\u00e9, c\u2019est un trac\u00e9 \u00e0 l\u2019ancienne o\u00f9 il faut \u00eatre irr\u00e9prochable partout pour r\u00e9aliser un bon chrono. Il est tr\u00e8s diff\u00e9rent des autres circuits et c\u2019est toujours un d\u00e9fi de piloter ici\u00a0\u00bb, a soulign\u00e9 le quadruple champion du monde, qui va essayer de freiner la domination de McLaren.<\/p>\n<p>L\u2019\u00e9curie anglaise, qui reste sur <a target=\"_self\" href=\"https:\/\/www.lanouvellerepublique.fr\/sports\/formule-1-norris-vainqueur-d-un-gp-de-grande-bretagne-chaotique-devant-piastri-1751827326\" rel=\"nofollow noopener\">un doubl\u00e9 \u00e0 Silverstone<\/a>, caracole en t\u00eate des classements des pilotes et des constructeurs et sera encore une fois la favorite ce week-end. Mais elle devra se m\u00e9fier de ses adversaires, et aussi de la m\u00e9t\u00e9o qui, comme souvent dans les Ardennes belges, s\u2019annonce pluvieuse, ce qui pourrait rebattre les cartes.<\/p>\n<p>Gr\u00e2ce \u00e0 son succ\u00e8s \u00e0 domicile il y a trois semaines, Lando Norris est revenu \u00e0 huit longueurs de son co\u00e9quipier australien Oscar Piastri, avec qui il devrait se disputer la couronne mondiale.\u00a0Pour r\u00e9duire l\u2019\u00e9cart, le Britannique tentera de d\u00e9crocher enfin son premier podium \u00e0 Spa, o\u00f9 il n\u2019a jamais fait mieux que 5e\u00a0en six participations. \u00ab\u00a0J\u2019ai h\u00e2te de retourner en piste \u00e0 Spa, o\u00f9 il est toujours agr\u00e9able de revenir, avec des fans qui mettent une super ambiance. Gagner \u00e0 Silverstone a vraiment \u00e9t\u00e9 un moment incroyable, mais je suis d\u00e9j\u00e0 tourn\u00e9 vers la Belgique et la Hongrie. On a travaill\u00e9 dur \u00e0 l\u2019usine pour suivre sur cette lanc\u00e9e\u00a0\u00bb, a expliqu\u00e9 le vice-champion du monde.<\/p>\n<p>La pluie, alli\u00e9e de Gasly et Alpine<\/p>\n<p>Mercedes, qui avait r\u00e9alis\u00e9 un doubl\u00e9 l\u2019an dernier avec George Russell et Lewis Hamilton, avant que le plus jeune des deux ne soit disqualifi\u00e9 pour un poids non conforme de sa monoplace, aura encore une carte \u00e0 jouer en Belgique, tout comme Ferrari, qui arrive avec une toute nouvelle suspension apr\u00e8s avoir introduit, avec succ\u00e8s, un nouveau fond plat \u00e0 Silverstone.<\/p>\n<p>C\u00f4t\u00e9 fran\u00e7ais, la pluie pourrait faire les affaires d\u2019Alpine, toujours englu\u00e9e \u00e0 la derni\u00e8re place au classement des constructeurs. L\u2019\u00e9curie franco-britannique est en effet plus performante sous la pluie, tout comme son pilote n\u00b0\u00a01 Pierre Gasly. \u00ab\u00a0C\u2019est vrai que la pluie nivelle un peu les valeurs et offre des opportunit\u00e9s, a soulign\u00e9 le Normand. Je pense que j\u2019ai un bon feeling sous la pluie. Il faut \u00eatre \u00e0 l\u2019aise et dans le contr\u00f4le\u2026 dans une situation o\u00f9 tu n\u2019as plus le contr\u00f4le, savoir \u00eatre sur un fil. Le fait d\u2019avoir beaucoup pilot\u00e9 sous la pluie en Normandie quand j\u2019\u00e9tais petit m\u2019a permis de d\u00e9velopper des sensations.\u00a0\u00bb<\/p>\n<p>Programme\u00a0:<br \/>&gt;\u00a0Vendredi, essais libres 1 \u00e0 12\u00a0h\u00a030\u00a0; qualifications sprint \u00e0 16\u00a0h\u00a010, sur Canal+\u00a0Sport.<br \/>&gt;\u00a0Samedi, course sprint \u00e0 11\u00a0h\u00a040, qualifications GP \u00e0 15\u00a0h\u00a045, sur Canal+\u00a0Sport.<br \/>&gt;\u00a0Dimanche, GP \u00e0 15\u00a0h, sur Canal+.<\/p>\n","protected":false},"excerpt":{"rendered":"L\u2019\u00e9curie Red Bull a fait couler beaucoup d\u2019encre ces derniers jours. Mais, une fois n\u2019est pas coutume, ce&hellip;\n","protected":false},"author":2,"featured_media":271912,"comment_status":"","ping_status":"","sticky":false,"template":"","format":"standard","meta":{"footnotes":""},"categories":[1412],"tags":[646,1451,1452,1453,1454,1455,1011,27,1387,74,60,1390],"class_list":{"0":"post-271911","1":"post","2":"type-post","3":"status-publish","4":"format-standard","5":"has-post-thumbnail","7":"category-f1","8":"tag-automobile","9":"tag-f1","10":"tag-formula-1","11":"tag-formula1","12":"tag-formule-1","13":"tag-formule1","14":"tag-fr","15":"tag-france","16":"tag-indre-et-loire","17":"tag-monde","18":"tag-sports","19":"tag-tours"},"share_on_mastodon":{"url":"https:\/\/pubeurope.com\/@fr\/114911784702336596","error":""},"_links":{"self":[{"href":"https:\/\/www.europesays.com\/fr\/wp-json\/wp\/v2\/posts\/271911","targetHints":{"allow":["GET"]}}],"collection":[{"href":"https:\/\/www.europesays.com\/fr\/wp-json\/wp\/v2\/posts"}],"about":[{"href":"https:\/\/www.europesays.com\/fr\/wp-json\/wp\/v2\/types\/post"}],"author":[{"embeddable":true,"href":"https:\/\/www.europesays.com\/fr\/wp-json\/wp\/v2\/users\/2"}],"replies":[{"embeddable":true,"href":"https:\/\/www.europesays.com\/fr\/wp-json\/wp\/v2\/comments?post=271911"}],"version-history":[{"count":0,"href":"https:\/\/www.europesays.com\/fr\/wp-json\/wp\/v2\/posts\/271911\/revisions"}],"wp:featuredmedia":[{"embeddable":true,"href":"https:\/\/www.europesays.com\/fr\/wp-json\/wp\/v2\/media\/271912"}],"wp:attachment":[{"href":"https:\/\/www.europesays.com\/fr\/wp-json\/wp\/v2\/media?parent=271911"}],"wp:term":[{"taxonomy":"category","embeddable":true,"href":"https:\/\/www.europesays.com\/fr\/wp-json\/wp\/v2\/categories?post=271911"},{"taxonomy":"post_tag","embeddable":true,"href":"https:\/\/www.europesays.com\/fr\/wp-json\/wp\/v2\/tags?post=271911"}],"curies":[{"name":"wp","href":"https:\/\/api.w.org\/{rel}","templated":true}]}}