{"id":271916,"date":"2025-07-25T03:39:18","date_gmt":"2025-07-25T03:39:18","guid":{"rendered":"https:\/\/www.europesays.com\/fr\/271916\/"},"modified":"2025-07-25T03:39:18","modified_gmt":"2025-07-25T03:39:18","slug":"obseques-de-thierry-ardisson-cet-ultime-pied-de-nez-de-son-fils-gaston-devant-son-cercueil","status":"publish","type":"post","link":"https:\/\/www.europesays.com\/fr\/271916\/","title":{"rendered":"Obs\u00e8ques de Thierry Ardisson : cet ultime pied de nez de son fils Gaston devant son cercueil"},"content":{"rendered":"<p class=\"p1\">Thierry Ardisson a tir\u00e9 sa r\u00e9v\u00e9rence. Lundi 14<br \/>\njuillet, <strong>le c\u00e9l\u00e8bre animateur est mort<\/strong> \u00e0 Paris. En<br \/>\neffet, l\u2019homme de 76 ans luttait depuis plusieurs ann\u00e9es contre<br \/>\n<a href=\"https:\/\/www.closermag.fr\/people\/mort-de-thierry-ardisson-les-causes-de-son-deces-reveles-par-sa-femme-audrey-cespo-mara-3563594\" target=\"_blank\" rel=\"noopener\"><br \/>\nun cancer du foie<\/a>. Trois jours apr\u00e8s sa disparition, ses<br \/>\nobs\u00e8ques ont \u00e9t\u00e9 organis\u00e9es \u00e0 <strong>l\u2019\u00e9glise<br \/>\nSaint-Roch<\/strong>.<\/p>\n<p class=\"p1\">Alors qu\u2019un millier de personnes ont tenu \u00e0 rendre un<br \/>\ndernier hommage \u00e0 l\u2019homme en noir, <strong>sa famille<\/strong> est<br \/>\napparue plus unie que jamais. <a href=\"https:\/\/www.closermag.fr\/people\/thierry-ardisson-audrey-crespo-mara-inconsolable-ce-cadeau-dune-valeur-inestimable-qui-la-bouleversee-photo-3566181\" target=\"_blank\" rel=\"noopener\"><br \/>\nAudrey Crespo-Mara<\/a> est apparue aux c\u00f4t\u00e9s de ses fils S\u00e9kou et<br \/>\nLamine Mara, mais aussi de ses beaux-enfants : Manon, Ninon et<br \/>\n<strong>Gaston Ardisson<\/strong>.<\/p>\n<p>Gaston Ardisson a rendu un bel hommage \u00e0 son<br \/>\np\u00e8re<\/p>\n<p class=\"p1\">\u00c0 son arriv\u00e9e devant l\u2019\u00e9glise, Gaston Ardisson a<br \/>\nsurpris par <strong>sa ressemblance frappante<\/strong> avec son<br \/>\np\u00e8re. V\u00eatu d\u2019un costume sur un t-shirt noir, le fils de <a href=\"https:\/\/www.closermag.fr\/people\/obseques-de-thierry-ardisson-beatrice-sa-deuxieme-epouse-et-mere-de-ses-enfants-bouleversee-face-a-son-cercueil-3565043\" target=\"_blank\" rel=\"noopener\"><br \/>\nB\u00e9atrice Loustalan<\/a> a adopt\u00e9 la m\u00eame <strong>posture<br \/>\nnonchalante<\/strong> que Thierry Ardisson. Au cours de la<br \/>\nc\u00e9r\u00e9monie, il a ensuite ironis\u00e9 : \u201cTu as tout affront\u00e9, du<br \/>\ncancer \u00e0 Bollor\u00e9 !\u201d.<\/p>\n<p class=\"p1\">Finalement, l&rsquo;homme de 30 ans s\u2019est pr\u00e9sent\u00e9 devant<br \/>\nle cercueil noir de son p\u00e8re, avant son d\u00e9part pour le Vaucluse.<br \/>\nComme le rapporte <a href=\"https:\/\/www.pointdevue.fr\/society\/actus\/obseques-de-thierry-ardisson-loeuvre-au-noir\" target=\"_blank\" rel=\"nofollow noopener\">Point de Vue<\/a>,<br \/>\nGaston Ardisson a alors d\u00e9gain\u00e9 son briquet et a <strong>allum\u00e9 une<br \/>\ncigarette<\/strong>. Un geste per\u00e7u comme une ultime provocation, \u00e0<br \/>\nl\u2019image de son p\u00e8re.<\/p>\n<blockquote class=\"twitter-tweet\"><p><a class=\"twitter-link\" rel=\"noindex, nofollow noopener\" href=\"https:\/\/twitter.com\/ImpactMediaFR\/status\/1945919160447316376\" target=\"_blank\"><\/p><\/blockquote>\n<p>Le fils de Thierry Ardisson s\u2019est<br \/>\nconfi\u00e9 sur son attitude<\/p>\n<p class=\"p1\">Avant les obs\u00e8ques de son p\u00e8re, <a href=\"https:\/\/www.closermag.fr\/people\/thierry-ardisson-est-mort-combien-avait-il-denfants-3563608\" target=\"_blank\" rel=\"noopener\"><br \/>\nGaston Ardisson<\/a> est sorti comme rarement de l\u2019ombre. En effet,<br \/>\ncelui qui a pass\u00e9 son adolescence \u00e0 Londres\u00a0s\u2019est confi\u00e9 dans<br \/>\nle documentaire \u201cLa face cach\u00e9e de l\u2019homme en noir\u201d,<br \/>\ndiffus\u00e9 sur TF1. Il a alors r\u00e9v\u00e9l\u00e9 que Thierry Ardisson pouvait se<br \/>\nmontrer \u201ctr\u00e8s d\u00e9connade\u201d, mais aussi \u201ctr\u00e8s<br \/>\ns\u00e9v\u00e8re\u201d.<\/p>\n<p class=\"p1\">Face cam\u00e9ra, <a href=\"https:\/\/www.telestar.fr\/people\/mort-de-thierry-ardisson-qui-est-manon-sa-fille-bien-connue-dans-le-milieu-de-la-television-1731252\" target=\"_blank\" rel=\"noopener\">le fr\u00e8re de Manon<\/a> et Ninon a<br \/>\n\u00e9voqu\u00e9 <strong>sa personnalit\u00e9<\/strong>. \u201cIl est exactement \u00e0<br \/>\nla t\u00e9l\u00e9 comme il est dans la vie. Il veut toujours \u00eatre le centre<br \/>\nde l\u2019attention\u201d, a-t-il assur\u00e9. Et de poursuivre \u00e0 propos de<br \/>\n<strong>ses absences au quotidien<\/strong> : \u201cVu qu\u2019il pouvait<br \/>\n\u00eatre un peu chiant, je ne pense pas que j\u2019aurais \u00e9t\u00e9 tr\u00e8s content<br \/>\nde voir mon p\u00e8re tous les jours\u201d. Un franc-parler qui n\u2019est<br \/>\npas sans rappeler celui du c\u00e9l\u00e8bre animateur.<\/p>\n<p><script async src=\"https:\/\/platform.twitter.com\/widgets.js\" charset=\"utf-8\"><\/script><\/p>\n","protected":false},"excerpt":{"rendered":"Thierry Ardisson a tir\u00e9 sa r\u00e9v\u00e9rence. Lundi 14 juillet, le c\u00e9l\u00e8bre animateur est mort \u00e0 Paris. En effet,&hellip;\n","protected":false},"author":2,"featured_media":271917,"comment_status":"","ping_status":"","sticky":false,"template":"","format":"standard","meta":{"footnotes":""},"categories":[1359],"tags":[548,58,59,1011,27,973,10058],"class_list":{"0":"post-271916","1":"post","2":"type-post","3":"status-publish","4":"format-standard","5":"has-post-thumbnail","7":"category-people","8":"tag-article-simple","9":"tag-divertissement","10":"tag-entertainment","11":"tag-fr","12":"tag-france","13":"tag-people","14":"tag-thierry-ardisson"},"share_on_mastodon":{"url":"https:\/\/pubeurope.com\/@fr\/114911796457860525","error":""},"_links":{"self":[{"href":"https:\/\/www.europesays.com\/fr\/wp-json\/wp\/v2\/posts\/271916","targetHints":{"allow":["GET"]}}],"collection":[{"href":"https:\/\/www.europesays.com\/fr\/wp-json\/wp\/v2\/posts"}],"about":[{"href":"https:\/\/www.europesays.com\/fr\/wp-json\/wp\/v2\/types\/post"}],"author":[{"embeddable":true,"href":"https:\/\/www.europesays.com\/fr\/wp-json\/wp\/v2\/users\/2"}],"replies":[{"embeddable":true,"href":"https:\/\/www.europesays.com\/fr\/wp-json\/wp\/v2\/comments?post=271916"}],"version-history":[{"count":0,"href":"https:\/\/www.europesays.com\/fr\/wp-json\/wp\/v2\/posts\/271916\/revisions"}],"wp:featuredmedia":[{"embeddable":true,"href":"https:\/\/www.europesays.com\/fr\/wp-json\/wp\/v2\/media\/271917"}],"wp:attachment":[{"href":"https:\/\/www.europesays.com\/fr\/wp-json\/wp\/v2\/media?parent=271916"}],"wp:term":[{"taxonomy":"category","embeddable":true,"href":"https:\/\/www.europesays.com\/fr\/wp-json\/wp\/v2\/categories?post=271916"},{"taxonomy":"post_tag","embeddable":true,"href":"https:\/\/www.europesays.com\/fr\/wp-json\/wp\/v2\/tags?post=271916"}],"curies":[{"name":"wp","href":"https:\/\/api.w.org\/{rel}","templated":true}]}}