{"id":271918,"date":"2025-07-25T03:41:14","date_gmt":"2025-07-25T03:41:14","guid":{"rendered":"https:\/\/www.europesays.com\/fr\/271918\/"},"modified":"2025-07-25T03:41:14","modified_gmt":"2025-07-25T03:41:14","slug":"bretenoux-premiere-seance-de-dedicaces","status":"publish","type":"post","link":"https:\/\/www.europesays.com\/fr\/271918\/","title":{"rendered":"Bretenoux. Premi\u00e8re s\u00e9ance de d\u00e9dicaces"},"content":{"rendered":"<p>Une s\u00e9ance de d\u00e9dicaces va se tenir samedi 26 juillet toute la matin\u00e9e dans la Maison de la Presse de Bretenoux. Nicole Barbier, habitante de Prudhomat, vient de sortir son premier livre \u00ab\u00a0REV\u018e\u042f\u00a0\u00bb. Au travers d\u2019une m\u00eame histoire \u00e9crite d\u2019un point de vue masculin (\u2642) et d\u2019un point de vue f\u00e9minin (\u2640), ces neuf \u00ab\u00a0nouvelles miroir\u00a0\u00bb explorent cette double apparence existentielle, et embarque le lecteur dans un style litt\u00e9raire avant-gardiste\u2026 Le plaisir de lire s\u2019associe avec l\u2019amusement, l\u2019\u00e9motion et le r\u00eave, et laisse son imaginaire prendre le dessus sur le rationnel.<\/p>\n<p>Nicole Barbier n\u00e9e \u00e0 Blanzy a v\u00e9cu son enfance dans ce d\u00e9partement, celui de la Sa\u00f4ne-et-Loire. Ses parents ne lisaient pas, il n\u2019y avait pas de livres \u00e0 la maison.<\/p>\n<p>Son envie de lire est arriv\u00e9e tardivement, \u00e0 l\u2019\u00e2ge de 18 ans. C\u2019est \u00e0 ce moment qu\u2019elle a commenc\u00e9 \u00e0 \u00e9crire des po\u00e8mes ou des acrostiches pour ses amis.<\/p>\n<p>Nicole Barbier aime voyager, explorer la beaut\u00e9 de la terre et les diff\u00e9rentes cultures, des cadeaux du ciel. En 1993, elle a attrap\u00e9 le virus du th\u00e9\u00e2tre. \u00ab\u00a0Se produire sur sc\u00e8ne et sentir le public vibr\u00e9, ce sont des moments uniques.\u00a0\u00bb Si elle aime le cin\u00e9ma, elle adore visiter les lieux de tournage. Dessin, musique, photographie et cuisine compl\u00e8tent la liste de ses passions\u2026<\/p>\n<p>Des \u00e9crivains comme Victor Hugo, Stefan Zweig, Shakespeare, Jane Austen, Boris Vian et aussi le th\u00e9\u00e2tre et le cin\u00e9ma, lui ont donn\u00e9 l\u2019envie d\u2019\u00e9crire. \u00ab\u00a0L\u2019\u00e9criture m\u2019a procur\u00e9 une forme de libert\u00e9 d\u2019expression.\u00a0\u00bb<\/p>\n","protected":false},"excerpt":{"rendered":"Une s\u00e9ance de d\u00e9dicaces va se tenir samedi 26 juillet toute la matin\u00e9e dans la Maison de la&hellip;\n","protected":false},"author":2,"featured_media":271919,"comment_status":"","ping_status":"","sticky":false,"template":"","format":"standard","meta":{"footnotes":""},"categories":[1357],"tags":[1379,58,59,1011,27,1380],"class_list":{"0":"post-271918","1":"post","2":"type-post","3":"status-publish","4":"format-standard","5":"has-post-thumbnail","7":"category-livres","8":"tag-books","9":"tag-divertissement","10":"tag-entertainment","11":"tag-fr","12":"tag-france","13":"tag-livres"},"share_on_mastodon":{"url":"https:\/\/pubeurope.com\/@fr\/114911804477992912","error":""},"_links":{"self":[{"href":"https:\/\/www.europesays.com\/fr\/wp-json\/wp\/v2\/posts\/271918","targetHints":{"allow":["GET"]}}],"collection":[{"href":"https:\/\/www.europesays.com\/fr\/wp-json\/wp\/v2\/posts"}],"about":[{"href":"https:\/\/www.europesays.com\/fr\/wp-json\/wp\/v2\/types\/post"}],"author":[{"embeddable":true,"href":"https:\/\/www.europesays.com\/fr\/wp-json\/wp\/v2\/users\/2"}],"replies":[{"embeddable":true,"href":"https:\/\/www.europesays.com\/fr\/wp-json\/wp\/v2\/comments?post=271918"}],"version-history":[{"count":0,"href":"https:\/\/www.europesays.com\/fr\/wp-json\/wp\/v2\/posts\/271918\/revisions"}],"wp:featuredmedia":[{"embeddable":true,"href":"https:\/\/www.europesays.com\/fr\/wp-json\/wp\/v2\/media\/271919"}],"wp:attachment":[{"href":"https:\/\/www.europesays.com\/fr\/wp-json\/wp\/v2\/media?parent=271918"}],"wp:term":[{"taxonomy":"category","embeddable":true,"href":"https:\/\/www.europesays.com\/fr\/wp-json\/wp\/v2\/categories?post=271918"},{"taxonomy":"post_tag","embeddable":true,"href":"https:\/\/www.europesays.com\/fr\/wp-json\/wp\/v2\/tags?post=271918"}],"curies":[{"name":"wp","href":"https:\/\/api.w.org\/{rel}","templated":true}]}}