{"id":27192,"date":"2025-04-15T18:28:11","date_gmt":"2025-04-15T18:28:11","guid":{"rendered":"https:\/\/www.europesays.com\/fr\/27192\/"},"modified":"2025-04-15T18:28:11","modified_gmt":"2025-04-15T18:28:11","slug":"a-la-maison-des-jeunes-de-pace-le-graffeur-heol-et-les-adolescents-peignent-ensemble","status":"publish","type":"post","link":"https:\/\/www.europesays.com\/fr\/27192\/","title":{"rendered":"\u00c0 la maison des jeunes de Pac\u00e9, le graffeur H\u00e9ol et les adolescents peignent ensemble"},"content":{"rendered":"<p>H\u00e9ol, \u201csoleil\u201d en breton, est un graffeur, peintre et plasticien qui aime travailler dehors, pr\u00e8s du r\u00e9el et du vivant.\u00a0Il a derri\u00e8re lui trente\u00a0ans de fresques murales, de stages pour les jeunes dans les \u00e9coles et de spectacles de peinture en plein air devant son public. La MJC (maison des jeunes et de la culture) de Pac\u00e9 (Ille-et-Vilaine) l\u2019a donc invit\u00e9 \u00e0 venir aider les jeunes \u00e0 red\u00e9corer leur espace.<\/p>\n<p>\u00ab\u00a0On a tout fait ensemble, d\u00e8s le d\u00e9but, explique H\u00e9ol. D\u2019abord une image, un quadrillage\u00a0qu\u2019on a agrandi. Puis on a trac\u00e9 le dessin sur lequel on s\u2019\u00e9tait mis d\u2019accord sur le mur et on a attaqu\u00e9 les couleurs\u00a0!\u00a0\u00bb<\/p>\n<p><strong>\u00ab\u00a0Il est d\u00e9j\u00e0 venu chez nous, <\/strong>pr\u00e9cise Karl Le Charpentier, coordinateur du secteur jeunesse, <strong>et il a\u00a0d\u00e9marr\u00e9 un projet de graff mural avec\u00a0Th\u00e9o, \u00c9loane, Liz, Malika, Anouk, Tom et Zo\u00e9, qui ont \u00e9t\u00e9 attir\u00e9s par \u00e7a.\u00a0\u00bb<\/strong> Pour Malika et Anouk, <strong>\u00ab\u00a0c\u2019est un vrai plaisir de\u00a0peindre ce grand mur avec un artiste qui nous laisse faire tout en nous aidant\u00a0\u00bb.<\/strong><\/p>\n<p><strong>Redynamiser les lieux<\/strong><\/p>\n<p><strong>\u00ab\u00a0L\u2019objectif \u00e9tait de refaire la salle pour qu\u2019elle devienne interg\u00e9n\u00e9rationnelle, la redynamiser et l\u2019ouvrir \u00e0 tout le monde, aux familles. On aura m\u00eame un coin pour les petits. Le lundi apr\u00e8s-midi sera autonome pour ceux qui en auront besoin. Et, important, on\u00a0cherche un nouveau nom pour ce lieu, on a pens\u00e9 \u00e0 \u201cQG\u201d mais on a des doutes\u00a0\u00bb, <\/strong>sourit Karl Le Charpentier.<\/p>\n<p>L\u2019occasion \u00e9galement d\u2019accueillir de nouvelles t\u00eates, comme R\u00e9mi Pretseille, coordinateur des 10\/14\u00a0ans et un des derniers arriv\u00e9s. <strong>\u00ab\u00a0J\u2019ai un DUT Carri\u00e8res sociales, confie R\u00e9mi Pretseille. J\u2019ai fait trois\u00a0ans de stage dans un club de rugby, j\u2019\u00e9tais \u00e9ducateur des jeunes mais je pr\u00e9f\u00e9rais \u00e7a au rugby\u00a0! Je suis tr\u00e8s bien ici, il y a une belle ambiance, on a plein d\u2019id\u00e9es et on commence \u00e0 mettre des projets en route.\u00a0\u00bb<\/strong><\/p>\n<p>\u00a0<\/p>\n","protected":false},"excerpt":{"rendered":"H\u00e9ol, \u201csoleil\u201d en breton, est un graffeur, peintre et plasticien qui aime travailler dehors, pr\u00e8s du r\u00e9el et&hellip;\n","protected":false},"author":2,"featured_media":27193,"comment_status":"","ping_status":"","sticky":false,"template":"","format":"standard","meta":{"footnotes":""},"categories":[2821],"tags":[1111,11,3959,829,9487,1777,674,1011,27,9570,9571,4074,2142,12,9569,9572,3086,584,25],"class_list":{"0":"post-27192","1":"post","2":"type-post","3":"status-publish","4":"format-standard","5":"has-post-thumbnail","7":"category-rennes","8":"tag-actu","9":"tag-actualites","10":"tag-adolescents","11":"tag-bretagne","12":"tag-ensemble","13":"tag-eu","14":"tag-europe","15":"tag-fr","16":"tag-france","17":"tag-graffeur","18":"tag-heol","19":"tag-jeunes","20":"tag-maison","21":"tag-news","22":"tag-pace","23":"tag-peignent","24":"tag-redon","25":"tag-rennes","26":"tag-republique-francaise"},"share_on_mastodon":{"url":"https:\/\/pubeurope.com\/@fr\/114343398892236402","error":""},"_links":{"self":[{"href":"https:\/\/www.europesays.com\/fr\/wp-json\/wp\/v2\/posts\/27192","targetHints":{"allow":["GET"]}}],"collection":[{"href":"https:\/\/www.europesays.com\/fr\/wp-json\/wp\/v2\/posts"}],"about":[{"href":"https:\/\/www.europesays.com\/fr\/wp-json\/wp\/v2\/types\/post"}],"author":[{"embeddable":true,"href":"https:\/\/www.europesays.com\/fr\/wp-json\/wp\/v2\/users\/2"}],"replies":[{"embeddable":true,"href":"https:\/\/www.europesays.com\/fr\/wp-json\/wp\/v2\/comments?post=27192"}],"version-history":[{"count":0,"href":"https:\/\/www.europesays.com\/fr\/wp-json\/wp\/v2\/posts\/27192\/revisions"}],"wp:featuredmedia":[{"embeddable":true,"href":"https:\/\/www.europesays.com\/fr\/wp-json\/wp\/v2\/media\/27193"}],"wp:attachment":[{"href":"https:\/\/www.europesays.com\/fr\/wp-json\/wp\/v2\/media?parent=27192"}],"wp:term":[{"taxonomy":"category","embeddable":true,"href":"https:\/\/www.europesays.com\/fr\/wp-json\/wp\/v2\/categories?post=27192"},{"taxonomy":"post_tag","embeddable":true,"href":"https:\/\/www.europesays.com\/fr\/wp-json\/wp\/v2\/tags?post=27192"}],"curies":[{"name":"wp","href":"https:\/\/api.w.org\/{rel}","templated":true}]}}