{"id":271924,"date":"2025-07-25T03:46:33","date_gmt":"2025-07-25T03:46:33","guid":{"rendered":"https:\/\/www.europesays.com\/fr\/271924\/"},"modified":"2025-07-25T03:46:33","modified_gmt":"2025-07-25T03:46:33","slug":"alexandre-astier-devoile-une-premiere-affiche-de-la-suite-tres-attendue-de-kaamelott-au-cinema","status":"publish","type":"post","link":"https:\/\/www.europesays.com\/fr\/271924\/","title":{"rendered":"Alexandre Astier d\u00e9voile une premi\u00e8re affiche de la suite tr\u00e8s attendue de Kaamelott au cin\u00e9ma !"},"content":{"rendered":"<p>Alors que le tournage de la suite du film Kaamelott : premier volet s&rsquo;est d\u00e9roul\u00e9 dans un secret absolu, son r\u00e9alisateur Alexandre Astier est sorti du silence, ce mercredi 23 juillet 2025 sur Instagram, pour d\u00e9voiler une premi\u00e8re affiche du long-m\u00e9trage, dont la sortie \u2013 tr\u00e8s attendue ! \u2013 est pr\u00e9vue pour le 22 octobre 2025.<\/p>\n<p>Voil\u00e0 des mois que les passionn\u00e9s des aventures du roi Arthur attendaient des nouvelles d&rsquo;Alexandre Astier <a href=\"https:\/\/www.programme-tv.net\/news\/cinema\/299072-kaamelott-le-film-quand-sortira-la-suite\/\" data-api-deeplink=\"teleloisirs:\/\/news\/299072\" target=\"_blank\" rel=\"noopener\">concernant la sortie de la suite de son film<\/a> Kaamelott : premier volet, sorti en 2021 et adapt\u00e9 de sa s\u00e9rie culte sur M6. Et c&rsquo;est d\u00e9sormais chose faite. Ce mercredi 23 juillet 2025 sur Instagram, le r\u00e9alisateur a d\u00e9voil\u00e9 une premi\u00e8re affiche de la partie I de Kaamelott : deuxi\u00e8me volet, que les spectateurs pourront d\u00e9couvrir en salles obscures le 22 octobre 2025. \u00ab\u00a0On a beau dire beau faire, \u00e7a s\u2019approche dangereusement\u2026\u00a0\u00bb, peut-on lire dans la l\u00e9gende, sign\u00e9e des initiales AA d&rsquo;Alexandre Astier. Une publication qui a \u00e9videmment suscit\u00e9 pl\u00e9thore de commentaires impatients des internautes, nombreux \u00e0 exprimer leur joie en citant <a href=\"https:\/\/www.programme-tv.net\/news\/series-tv\/330273-le-quiz-ultime-sur-arthur-dans-kaamelott-connaissez-vous-bien-le-roi-de-bretagne\/\" data-api-deeplink=\"teleloisirs:\/\/news\/330273\" target=\"_blank\" rel=\"noopener\">des r\u00e9pliques cultes de la saga m\u00e9di\u00e9vale<\/a>.<\/p>\n<p>                        Le film Kaamelott tourn\u00e9 dans le secret des dieux<\/p>\n<p>Ce second volet tant attendu intervient donc plus de quatre ans apr\u00e8s la sortie du premier film \u2013 <a href=\"https:\/\/www.programme-tv.net\/news\/cinema\/224207-kaamelott-premier-volet-date-de-sortie-casting-intrigue-tout-sur-la-transposition-de-la-serie-dalexandre-astier-au-cinema\/\" data-api-deeplink=\"teleloisirs:\/\/news\/224207\" target=\"_blank\" rel=\"noopener\">un succ\u00e8s en pleine pand\u00e9mie de Covid-19 avec plus de 2,6 millions d&rsquo;entr\u00e9es<\/a> \u2013 et 15 ans apr\u00e8s la fin de la s\u00e9rie, d\u00e9sormais multi-rediffus\u00e9e sur 6ter. Les sc\u00e8nes ont \u00e9t\u00e9 mises en bo\u00eete dans la plus grande discr\u00e9tion, notamment dans le P\u00e9rigord l&rsquo;\u00e9t\u00e9 dernier. \u00ab\u00a0Le tournage a eu lieu pendant une quinzaine de jours, entre fin ao\u00fbt et d\u00e9but septembre, au ch\u00e2teau de Jumilhac\u00a0\u00bb, a fait savoir France Bleu P\u00e9rigord, pr\u00e9cisant que les soci\u00e9t\u00e9s de production concern\u00e9es ont refus\u00e9 de confirmer, \u00e9tant donn\u00e9 que \u00ab\u00a0la confidentialit\u00e9 absolue avait \u00e9t\u00e9 demand\u00e9e pour ce tournage\u00a0\u00bb. Pour sa part, <a href=\"https:\/\/www.programme-tv.net\/news\/cinema\/297256-kaamelott-premier-volet-canal-faut-il-regarder-le-film-dalexandre-astier-diffuse-ce-soir-pour-la-premiere-fois-a-la-televisionn\/\" data-api-deeplink=\"teleloisirs:\/\/news\/297256\" target=\"_blank\" rel=\"noopener\">Kaamelott : Premier volet<\/a> avait \u00e9t\u00e9 tourn\u00e9 en Auvergne-Rh\u00f4ne-Alpes mais aussi en studios, en r\u00e9gions parisienne et lyonnaise, d&rsquo;o\u00f9 Alexandre Astier est originaire. Qu&rsquo;en est-il de la sortie de la seconde partie de Kaamelott : deuxi\u00e8me volet ? Selon Alexandre Astier, la date se situerait seulement quelques mois apr\u00e8s, au printemps 2026.<\/p>\n<p>            Kaamelott, deuxi\u00e8me volet : le casting original fait son grand retour<\/p>\n<p>Parmi les membres du casting ayant pris part au projet, on retrouve les personnages qui ont marqu\u00e9 la distribution originale de la s\u00e9rie : <a href=\"https:\/\/www.programme-tv.net\/news\/cinema\/265614-alexandre-astier-fait-enfin-des-revelations-sur-lintrigue-de-son-film-kaamelott-premier-volet\/\" data-api-deeplink=\"teleloisirs:\/\/news\/265614\" target=\"_blank\" rel=\"noopener\">Alexandre Astier lui-m\u00eame dans le r\u00f4le du roi Arthur<\/a>, mais aussi <a href=\"https:\/\/www.programme-tv.net\/biographie\/1070-girouard-anne\/\" data-link-people=\"2c33a781-c12f-4145-803a-31df115aba27\" target=\"_blank\" rel=\"noopener\">Anne Girouard<\/a> (Gueni\u00e8vre), <a href=\"https:\/\/www.programme-tv.net\/biographie\/1071-cousseau-thomas\/\" data-link-people=\"987c319f-b34a-4756-9948-2d5c3b6d4139\" target=\"_blank\" rel=\"noopener\">Thomas Cousseau<\/a> (Lancelot du Lac), <a href=\"https:\/\/www.programme-tv.net\/biographie\/9704-astier-lionnel\/\" data-link-people=\"9bc777d3-e246-4681-9ff2-be223a87652f\" target=\"_blank\" rel=\"noopener\">Lionnel Astier<\/a> (L\u00e9odagan) ou encore Jo\u00eblle Sevilla (Dame S\u00e9li), mais aussi des seconds r\u00f4les embl\u00e9matiques, dont <a href=\"https:\/\/www.programme-tv.net\/biographie\/2186-clavier-christian\/\" data-link-people=\"e77624e1-ced9-42e8-a8dc-9757ab415df3\" target=\"_blank\" rel=\"noopener\">Christian Clavier<\/a>, <a href=\"https:\/\/www.programme-tv.net\/biographie\/319-de-caunes-antoine\/\" data-link-people=\"7635763f-7057-4708-b7a5-5fa669c28701\" target=\"_blank\" rel=\"noopener\">Antoine de Caunes<\/a> et Sting.<\/p>\n<blockquote class=\"instagram-media\" data-instgrm-captioned=\"\" data-instgrm-permalink=\"https:\/\/www.instagram.com\/p\/DMcdEZnNZ15\/?utm_source=ig_embed&amp;utm_campaign=loading\" data-instgrm-version=\"14\" style=\" background:#FFF; border:0; border-radius:3px; box-shadow:0 0 1px 0 rgba(0,0,0,0.5),0 1px 10px 0 rgba(0,0,0,0.15); margin: 1px; max-width:658px; min-width:326px; padding:0; width:99.375%; width:-webkit-calc(100% - 2px); width:calc(100% - 2px);\"\/>\n<p>        <script async src=\"\/\/www.instagram.com\/embed.js\"><\/script><\/p>\n","protected":false},"excerpt":{"rendered":"Alors que le tournage de la suite du film Kaamelott : premier volet s&rsquo;est d\u00e9roul\u00e9 dans un secret&hellip;\n","protected":false},"author":2,"featured_media":271925,"comment_status":"","ping_status":"","sticky":false,"template":"","format":"standard","meta":{"footnotes":""},"categories":[1354],"tags":[14989,244,58,59,1346,1011,27,41019,1360,36266,1630],"class_list":{"0":"post-271924","1":"post","2":"type-post","3":"status-publish","4":"format-standard","5":"has-post-thumbnail","7":"category-films","8":"tag-alexandre-astier","9":"tag-commentaire","10":"tag-divertissement","11":"tag-entertainment","12":"tag-films","13":"tag-fr","14":"tag-france","15":"tag-kaamelott","16":"tag-movies","17":"tag-sorties-cinu00e9ma","18":"tag-zapping"},"share_on_mastodon":{"url":"https:\/\/pubeurope.com\/@fr\/114911823996057175","error":""},"_links":{"self":[{"href":"https:\/\/www.europesays.com\/fr\/wp-json\/wp\/v2\/posts\/271924","targetHints":{"allow":["GET"]}}],"collection":[{"href":"https:\/\/www.europesays.com\/fr\/wp-json\/wp\/v2\/posts"}],"about":[{"href":"https:\/\/www.europesays.com\/fr\/wp-json\/wp\/v2\/types\/post"}],"author":[{"embeddable":true,"href":"https:\/\/www.europesays.com\/fr\/wp-json\/wp\/v2\/users\/2"}],"replies":[{"embeddable":true,"href":"https:\/\/www.europesays.com\/fr\/wp-json\/wp\/v2\/comments?post=271924"}],"version-history":[{"count":0,"href":"https:\/\/www.europesays.com\/fr\/wp-json\/wp\/v2\/posts\/271924\/revisions"}],"wp:featuredmedia":[{"embeddable":true,"href":"https:\/\/www.europesays.com\/fr\/wp-json\/wp\/v2\/media\/271925"}],"wp:attachment":[{"href":"https:\/\/www.europesays.com\/fr\/wp-json\/wp\/v2\/media?parent=271924"}],"wp:term":[{"taxonomy":"category","embeddable":true,"href":"https:\/\/www.europesays.com\/fr\/wp-json\/wp\/v2\/categories?post=271924"},{"taxonomy":"post_tag","embeddable":true,"href":"https:\/\/www.europesays.com\/fr\/wp-json\/wp\/v2\/tags?post=271924"}],"curies":[{"name":"wp","href":"https:\/\/api.w.org\/{rel}","templated":true}]}}