{"id":271928,"date":"2025-07-25T03:50:24","date_gmt":"2025-07-25T03:50:24","guid":{"rendered":"https:\/\/www.europesays.com\/fr\/271928\/"},"modified":"2025-07-25T03:50:24","modified_gmt":"2025-07-25T03:50:24","slug":"mort-a-71-ans-de-la-legende-americaine-du-catch-hulk-hogan","status":"publish","type":"post","link":"https:\/\/www.europesays.com\/fr\/271928\/","title":{"rendered":"Mort \u00e0 71 ans de la l\u00e9gende am\u00e9ricaine du catch, Hulk Hogan"},"content":{"rendered":"<p>Hulk Hogan, visage embl\u00e9matique du catch professionnel des ann\u00e9es 1980 qui a mis ses talents d&rsquo;athl\u00e8te au profit d&rsquo;une carri\u00e8re d&rsquo;acteur, est d\u00e9c\u00e9d\u00e9 \u00e0 l&rsquo;\u00e2ge de 71 ans, ont fait savoir des m\u00e9dias am\u00e9ricains jeudi.\u00a0<\/p>\n<p>L&rsquo;Am\u00e9ricain, connu pour son physique imposant, son bandana et sa moustache blonde, est d\u00e9c\u00e9d\u00e9 \u00e0 son domicile en Floride, dans le sud-est des Etats-Unis, a pr\u00e9cis\u00e9 NBC News en citant son manager Chris Volo.<\/p>\n","protected":false},"excerpt":{"rendered":"Hulk Hogan, visage embl\u00e9matique du catch professionnel des ann\u00e9es 1980 qui a mis ses talents d&rsquo;athl\u00e8te au profit&hellip;\n","protected":false},"author":2,"featured_media":271929,"comment_status":"","ping_status":"","sticky":false,"template":"","format":"standard","meta":{"footnotes":""},"categories":[8],"tags":[17,6370,1764,1102,7039,58,59,1011,27,329,41142,41141,13878,18],"class_list":{"0":"post-271928","1":"post","2":"type-post","3":"status-publish","4":"format-standard","5":"has-post-thumbnail","7":"category-divertissement","8":"tag-17","9":"tag-americaine","10":"tag-ans","11":"tag-breakingnews","12":"tag-catch","13":"tag-divertissement","14":"tag-entertainment","15":"tag-fr","16":"tag-france","17":"tag-france-monde","18":"tag-hogan","19":"tag-hulk","20":"tag-legende","21":"tag-mort"},"share_on_mastodon":{"url":"https:\/\/pubeurope.com\/@fr\/114911839730126152","error":""},"_links":{"self":[{"href":"https:\/\/www.europesays.com\/fr\/wp-json\/wp\/v2\/posts\/271928","targetHints":{"allow":["GET"]}}],"collection":[{"href":"https:\/\/www.europesays.com\/fr\/wp-json\/wp\/v2\/posts"}],"about":[{"href":"https:\/\/www.europesays.com\/fr\/wp-json\/wp\/v2\/types\/post"}],"author":[{"embeddable":true,"href":"https:\/\/www.europesays.com\/fr\/wp-json\/wp\/v2\/users\/2"}],"replies":[{"embeddable":true,"href":"https:\/\/www.europesays.com\/fr\/wp-json\/wp\/v2\/comments?post=271928"}],"version-history":[{"count":0,"href":"https:\/\/www.europesays.com\/fr\/wp-json\/wp\/v2\/posts\/271928\/revisions"}],"wp:featuredmedia":[{"embeddable":true,"href":"https:\/\/www.europesays.com\/fr\/wp-json\/wp\/v2\/media\/271929"}],"wp:attachment":[{"href":"https:\/\/www.europesays.com\/fr\/wp-json\/wp\/v2\/media?parent=271928"}],"wp:term":[{"taxonomy":"category","embeddable":true,"href":"https:\/\/www.europesays.com\/fr\/wp-json\/wp\/v2\/categories?post=271928"},{"taxonomy":"post_tag","embeddable":true,"href":"https:\/\/www.europesays.com\/fr\/wp-json\/wp\/v2\/tags?post=271928"}],"curies":[{"name":"wp","href":"https:\/\/api.w.org\/{rel}","templated":true}]}}