{"id":271934,"date":"2025-07-25T03:55:23","date_gmt":"2025-07-25T03:55:23","guid":{"rendered":"https:\/\/www.europesays.com\/fr\/271934\/"},"modified":"2025-07-25T03:55:23","modified_gmt":"2025-07-25T03:55:23","slug":"nash-le-bebe-ne-le-plus-prematurement-du-monde-a-souffle-sa-premiere-bougie","status":"publish","type":"post","link":"https:\/\/www.europesays.com\/fr\/271934\/","title":{"rendered":"Nash, le b\u00e9b\u00e9 n\u00e9 le plus pr\u00e9matur\u00e9ment du monde, a souffl\u00e9 sa premi\u00e8re bougie"},"content":{"rendered":"<p>Nash Keen est un miracul\u00e9. N\u00e9 le 5\u00a0juillet 2024 \u00e0 seulement 21 semaines d\u2019am\u00e9norrh\u00e9e, soit 133 jours avant le terme, il est d\u00e9sormais reconnu par le <a href=\"https:\/\/www.20minutes.fr\/dossier\/guinness_book_des_records\" class=\"color-ultramarine c-link\" target=\"_blank\" rel=\"noopener\">Guinness World Records<\/a> comme le b\u00e9b\u00e9 le plus pr\u00e9matur\u00e9 jamais venu au monde. \u00c0 sa naissance, Nash ne pesait que 284 grammes et mesurait \u00e0 peine 24 cm. Il a \u00e9t\u00e9 imm\u00e9diatement pris en charge dans l\u2019unit\u00e9 de soins intensifs n\u00e9onatals de l\u2019h\u00f4pital de l\u2019universit\u00e9 de l\u2019Iowa, aux <a href=\"https:\/\/www.20minutes.fr\/monde\/etats-unis\/\" class=\"color-ultramarine c-link\" target=\"_blank\" rel=\"noopener\">Etats-Unis<\/a>, o\u00f9 il a affront\u00e9 de nombreuses complications critiques.<\/p>\n<p>Nash a r\u00e9cemment f\u00eat\u00e9 son premier anniversaire, rapporte le m\u00e9dia am\u00e9ricain <a href=\"https:\/\/people.com\/worlds-most-premature-baby-celebrates-first-birthday-11777718?utm_campaign=peoplemagazine&amp;utm_content=photo&amp;utm_medium=social&amp;utm_source=facebook.com&amp;utm_term=68815d9d373b9d0001ac08ff\" rel=\"nofollow noopener\" target=\"_blank\" class=\"color-ultramarine c-link\">People<\/a>, relay\u00e9 par <a href=\"https:\/\/www.bfmtv.com\/international\/amerique-nord\/etats-unis\/c-est-une-victoire-le-plus-grand-premature-du-monde-ne-a-21-semaines-a-celebre-son-premier-anniversaire_AN-202507240138.html\" rel=\"nofollow noopener\" target=\"_blank\" class=\"color-ultramarine c-link\">BFM<\/a>. Mais pour ses parents, Mollie et Randall, les premi\u00e8res semaines ont \u00e9t\u00e9 marqu\u00e9es par l\u2019angoisse. La jeune m\u00e8re n\u2019a pu tenir son fils contre elle qu\u2019au bout de trois semaines, tant il \u00e9tait fragile et couvert de perfusions. Apr\u00e8s six mois d\u2019hospitalisation, Nash a enfin pu rentrer chez lui en janvier dernier.<\/p>\n<p>Aujourd\u2019hui, malgr\u00e9 une sant\u00e9 encore fragile &#8211; il est sous oxyg\u00e8ne, porte des appareils auditifs et une sonde d\u2019alimentation &#8211; le petit gar\u00e7on continue de progresser. Il fr\u00e9quente une cr\u00e8che m\u00e9dicale sp\u00e9cialis\u00e9e et fait la fiert\u00e9 de ses parents. \u00ab\u00a0C\u2019est une victoire, une \u00e9motion m\u00eal\u00e9e de gratitude et de chagrin face \u00e0 ce parcours si diff\u00e9rent\u00a0\u00bb, confie sa m\u00e8re. Pour son premier anniversaire, Nash a \u00e9t\u00e9 g\u00e2t\u00e9\u00a0: une pluie de cadeaux, des jouets \u00e9ducatifs, des v\u00eatements\u2026 et m\u00eame un g\u00e2teau \u00e0 la cr\u00e8me autoris\u00e9 par ses m\u00e9decins.<\/p>\n","protected":false},"excerpt":{"rendered":"Nash Keen est un miracul\u00e9. N\u00e9 le 5\u00a0juillet 2024 \u00e0 seulement 21 semaines d\u2019am\u00e9norrh\u00e9e, soit 133 jours avant&hellip;\n","protected":false},"author":2,"featured_media":271935,"comment_status":"","ping_status":"","sticky":false,"template":"","format":"standard","meta":{"footnotes":""},"categories":[5],"tags":[11,3493,58,73,1011,27,41143,14,12,71,896,28],"class_list":{"0":"post-271934","1":"post","2":"type-post","3":"status-publish","4":"format-standard","5":"has-post-thumbnail","7":"category-international","8":"tag-actualites","9":"tag-bebe","10":"tag-divertissement","11":"tag-etats-unis","12":"tag-fr","13":"tag-france","14":"tag-guinness-book-des-records","15":"tag-international","16":"tag-news","17":"tag-sante","18":"tag-tas-vu","19":"tag-world"},"share_on_mastodon":{"url":"https:\/\/pubeurope.com\/@fr\/114911859354993072","error":""},"_links":{"self":[{"href":"https:\/\/www.europesays.com\/fr\/wp-json\/wp\/v2\/posts\/271934","targetHints":{"allow":["GET"]}}],"collection":[{"href":"https:\/\/www.europesays.com\/fr\/wp-json\/wp\/v2\/posts"}],"about":[{"href":"https:\/\/www.europesays.com\/fr\/wp-json\/wp\/v2\/types\/post"}],"author":[{"embeddable":true,"href":"https:\/\/www.europesays.com\/fr\/wp-json\/wp\/v2\/users\/2"}],"replies":[{"embeddable":true,"href":"https:\/\/www.europesays.com\/fr\/wp-json\/wp\/v2\/comments?post=271934"}],"version-history":[{"count":0,"href":"https:\/\/www.europesays.com\/fr\/wp-json\/wp\/v2\/posts\/271934\/revisions"}],"wp:featuredmedia":[{"embeddable":true,"href":"https:\/\/www.europesays.com\/fr\/wp-json\/wp\/v2\/media\/271935"}],"wp:attachment":[{"href":"https:\/\/www.europesays.com\/fr\/wp-json\/wp\/v2\/media?parent=271934"}],"wp:term":[{"taxonomy":"category","embeddable":true,"href":"https:\/\/www.europesays.com\/fr\/wp-json\/wp\/v2\/categories?post=271934"},{"taxonomy":"post_tag","embeddable":true,"href":"https:\/\/www.europesays.com\/fr\/wp-json\/wp\/v2\/tags?post=271934"}],"curies":[{"name":"wp","href":"https:\/\/api.w.org\/{rel}","templated":true}]}}