{"id":271943,"date":"2025-07-25T04:04:11","date_gmt":"2025-07-25T04:04:11","guid":{"rendered":"https:\/\/www.europesays.com\/fr\/271943\/"},"modified":"2025-07-25T04:04:11","modified_gmt":"2025-07-25T04:04:11","slug":"je-ne-pourrai-jamais-oublier-toulon-salvador-nunez-patron-du-chantier-de-lautoroute-a57-revient-sur-cette-entreprise-hors-norme","status":"publish","type":"post","link":"https:\/\/www.europesays.com\/fr\/271943\/","title":{"rendered":"\u00ab\u00a0Je ne pourrai jamais oublier Toulon\u00a0\u00bb: Salvador Nunez, \u00ab\u00a0patron\u00a0\u00bb du chantier de l\u2019autoroute A57 revient sur cette entreprise hors-norme"},"content":{"rendered":"<p>Il est aussi discret qu\u2019omnipr\u00e9sent. Aussi bavard qu\u2019efficace. Pendant cinq ans et encore aujourd\u2019hui, Salvador Nunez a dirig\u00e9, plut\u00f4t de pr\u00e8s que de loin, le gigantesque chantier de l\u2019A57, qui visait \u00e0 d\u00e9sengorger Toulon et \u00e0 faire oublier, autant que possible, ses l\u00e9gendaires bouchons.<\/p>\n<p>\u00ab\u00a0Un chantier particulier, car r\u00e9alis\u00e9 en milieu urbain \u00ab\u00a0, soulignait hier la maire de Toulon Jos\u00e9e Massi, au moment de rendre un hommage appuy\u00e9 \u00e0 cet ing\u00e9nieur en travaux public \u00ab\u00a0issu d\u2019une famille 100% andalouse \u00ab\u00a0, comme il le r\u00e9p\u00e8te \u00e0 loisir, fier de ses origines. \u00ab\u00a0Mais j\u2019aime quand c\u2019est compliqu\u00e9, t\u00e9moigne-t-il. Depuis tout petit, j\u2019ai grandi dans la difficult\u00e9. Quand la difficult\u00e9 manque, je me sens un peu seul. \u00ab\u00a0<\/p>\n<p><strong>Passionn\u00e9 par la construction de ponts<\/strong><\/p>\n<p>N\u00e9 \u00e0 Casablanca, au Maroc, o\u00f9 il effectue toute sa scolarit\u00e9 \u00e0 l\u2019\u00e9cole fran\u00e7aise, notamment au lyc\u00e9e Lyautey, le jeune Salvador rejoint l\u2019Hexagone et int\u00e8gre alors l\u2019\u00e9cole nationale des travaux publics, avant de valider une sp\u00e9cialisation en g\u00e9nie civil au tr\u00e8s r\u00e9put\u00e9 centre des hautes \u00e9tudes de la construction. \u00ab\u00a0J\u2019avais fait exactement les \u00e9tudes dont je r\u00eavais \u00ab\u00a0, pose celui qui a toujours \u00e9t\u00e9 passionn\u00e9 par la construction de ponts. \u00ab\u00a0C\u2019est vrai, et je n\u2019ai aucune id\u00e9e d\u2019o\u00f9 \u00e7a me vient. \u00a0\u00bb Il a 25 ans et se lance dans le monde du travail. O\u00f9 il passe \u00ab\u00a0une bonne dizaine d\u2019ann\u00e9es \u00a0\u00bb \u00e0 construire des ponts, pardi. \u00ab\u00a0Des petits, des moyens, des grands\u2026\u00a0\u00bb<\/p>\n<p>Il bascule ensuite dans la ma\u00eetrise d\u2019\u0153uvre, et participe d\u00e9j\u00e0 \u00e0 de gros chantiers, comme celui d\u2019un tunnel dans les Alpes. Puis, toujours d\u00e9sireux \u00ab\u00a0d\u2019apprendre, de me remettre en cause et de ne pas me reposer sur mes acquis \u00ab\u00a0, Salvador Nunez se consacre \u00e0 la ma\u00eetrise d\u2019ouvrage. Et donc, d\u00e9sormais, aux chantiers d\u2019autoroute.<\/p>\n<p><strong>\u00ab\u00a0Attachiant\u00a0\u00bb et \u00ab\u00a0\u00e0 l\u2019\u00e9coute\u00a0\u00bb<\/strong><\/p>\n<p>C\u2019est ainsi qu\u2019il se retrouve, il y a pr\u00e8s de dix ans, face \u00e0 l\u2019\u00e9pineux dossier de l\u2019A57. \u00ab\u00a0On m\u2019a dit: \u2018\u2019A Toulon, c\u2019est quasiment infaisable.\u2019\u2019\u00a0\u00bb Il n\u2019en faut pas plus pour le convaincre de se lancer dans l\u2019aventure. Exigeant, mais \u00e0 l\u2019\u00e9coute, selon les t\u00e9moignages de ceux qui le c\u00f4toient. \u00ab\u00a0Je dirai que \u2018\u2018le chef\u2019\u2019 est quelqu\u2019un d\u2019attachiant, s\u2019amuse Sophie Lethuin, en charge du volet communication. Il est entier, tr\u00e8s engag\u00e9, et tire toujours ses \u00e9quipes vers le haut, tout en restant tr\u00e8s proches d\u2019elles. Ce qu\u2019il nous a le plus demand\u00e9, c\u2019est de rester \u00e0 l\u2019\u00e9coute des gens, de ne prendre personne de haut. \u00ab\u00a0<\/p>\n<p>Face au port baign\u00e9 de soleil, dans le petit salon de la mairie d\u2019honneur, de nombreuses personnalit\u00e9s viennent le saluer. Lui serrer affectueusement les mains et lui dire tout le bien qu\u2019ils pensent de lui. Plus t\u00f4t, Jos\u00e9e Massi, apr\u00e8s avoir \u00e9voqu\u00e9 avec humour \u00ab\u00a0ses tenues camarguaises et ses chemises \u00e0 fleurs devenues l\u00e9gendaires \u00ab\u00a0, n\u2019avait pas manqu\u00e9 de parler de \u00ab\u00a0l\u2019humanit\u00e9 \u00a0\u00bb du bonhomme, \u00ab\u00a0dans le dialogue permanent, et d\u2019une grande souplesse d\u2019esprit, vous qui avez par exemple toujours pris en compte le calendrier des matches du RCT pour les fermetures d\u2019autoroutes \u00ab\u00a0.<\/p>\n<blockquote>\n<p><strong>\u00ab\u00a0Toulon aura toujours une place \u00e0 part dans mon c\u0153ur\u00a0\u00bb<\/strong><\/p>\n<\/blockquote>\n<p>L\u2019homme est pudique, presque g\u00ean\u00e9 de tous ces compliments. \u00ab\u00a0Je suis un peu \u00e9motionn\u00e9, comme on dit chez nous \u00ab\u00a0, l\u00e2che-t-il les yeux humides, qu\u2019il tente de dissimuler derri\u00e8re les verres teint\u00e9s de ses lunettes de soleil.<\/p>\n<p>Avant de poursuivre: \u00ab\u00a0En fait, ce qui me touche \u00e9norm\u00e9ment, c\u2019est que c\u2019est la preuve qu\u2019on a r\u00e9ussi \u00e0 tisser des vraies relations. On n\u2019est pas l\u00e0 que pour faire des travaux. On est aussi sur un territoire. On vit avec des gens. Ce n\u2019\u00e9tait pas simple au d\u00e9part, et finalement c\u2019est une belle surprise. Quand je partirai d\u00e9finitivement, je ne pourrai jamais oublier Toulon. L\u2019investissement a \u00e9t\u00e9 tel, que cette ville aura toujours une place \u00e0 part dans mon c\u0153ur. \u00ab\u00a0<\/p>\n<p><strong>Cinq enfants, six chats et de l\u2019huile d\u2019olive<\/strong><\/p>\n<p>Grand fan du Real Madrid, Salvador Nunez va devoir patienter encore un peu avant de retourner \u00e0 Bernab\u00e9u, lui qui a encore \u00ab\u00a0des petits d\u00e9tails \u00a0\u00bb et de l\u2019administratif \u00e0 r\u00e9gler pour boucler la boucle. Alors,<strong> il pourra retourner \u00e0 ses affaires \u00e0 Montpellier,<\/strong> pour une \u00ab\u00a0nouvelle aventure, dans un contexte tr\u00e8s diff\u00e9rent \u00ab\u00a0. Papa de deux grands enfants de 31 et 34 ans issus d\u2019un premier mariage, et de \u00ab\u00a0trois autres enfants que j\u2019ai \u00e9lev\u00e9s et que je consid\u00e8re comme mes enfants \u00ab\u00a0, l\u2019homme pourra compter sur sa tribu pour le soutenir. Sur ses tortues, ses trois chiens, et aussi, surtout, ses six chats. \u00ab\u00a0Souvent, quand on me cherche, je suis avec eux. Ils m\u2019apaisent, et m\u2019apportent beaucoup de qui\u00e9tude. \u00ab\u00a0<\/p>\n<p>\u00ab\u00a0Allez \u00e0 la feria, \u00e9coutez du flamenco, mangez du thon, de l\u2019huile d\u2019olive et des tapas, et soyez heureux en Occitanie, ponctue joyeusement Jos\u00e9e Massi. Mais n\u2019oubliez pas que vous \u00eates un homme bien, et qu\u2019ici, vous serez toujours le bienvenu. \u00a0\u00bb S\u2019il fallait encore des raisons d\u2019\u00eatre \u00e9motionn\u00e9\u2026<\/p>\n","protected":false},"excerpt":{"rendered":"Il est aussi discret qu\u2019omnipr\u00e9sent. Aussi bavard qu\u2019efficace. Pendant cinq ans et encore aujourd\u2019hui, Salvador Nunez a dirig\u00e9,&hellip;\n","protected":false},"author":2,"featured_media":271944,"comment_status":"","ping_status":"","sticky":false,"template":"","format":"standard","meta":{"footnotes":""},"categories":[9619],"tags":[1111,11,1777,674,1011,27,12,882,25,2310,3366],"class_list":{"0":"post-271943","1":"post","2":"type-post","3":"status-publish","4":"format-standard","5":"has-post-thumbnail","7":"category-toulon","8":"tag-actu","9":"tag-actualites","10":"tag-eu","11":"tag-europe","12":"tag-fr","13":"tag-france","14":"tag-news","15":"tag-provence-alpes-cote-dazur","16":"tag-republique-francaise","17":"tag-toulon","18":"tag-vie-locale"},"share_on_mastodon":{"url":"https:\/\/pubeurope.com\/@fr\/114911894839577452","error":""},"_links":{"self":[{"href":"https:\/\/www.europesays.com\/fr\/wp-json\/wp\/v2\/posts\/271943","targetHints":{"allow":["GET"]}}],"collection":[{"href":"https:\/\/www.europesays.com\/fr\/wp-json\/wp\/v2\/posts"}],"about":[{"href":"https:\/\/www.europesays.com\/fr\/wp-json\/wp\/v2\/types\/post"}],"author":[{"embeddable":true,"href":"https:\/\/www.europesays.com\/fr\/wp-json\/wp\/v2\/users\/2"}],"replies":[{"embeddable":true,"href":"https:\/\/www.europesays.com\/fr\/wp-json\/wp\/v2\/comments?post=271943"}],"version-history":[{"count":0,"href":"https:\/\/www.europesays.com\/fr\/wp-json\/wp\/v2\/posts\/271943\/revisions"}],"wp:featuredmedia":[{"embeddable":true,"href":"https:\/\/www.europesays.com\/fr\/wp-json\/wp\/v2\/media\/271944"}],"wp:attachment":[{"href":"https:\/\/www.europesays.com\/fr\/wp-json\/wp\/v2\/media?parent=271943"}],"wp:term":[{"taxonomy":"category","embeddable":true,"href":"https:\/\/www.europesays.com\/fr\/wp-json\/wp\/v2\/categories?post=271943"},{"taxonomy":"post_tag","embeddable":true,"href":"https:\/\/www.europesays.com\/fr\/wp-json\/wp\/v2\/tags?post=271943"}],"curies":[{"name":"wp","href":"https:\/\/api.w.org\/{rel}","templated":true}]}}