{"id":271951,"date":"2025-07-25T04:12:12","date_gmt":"2025-07-25T04:12:12","guid":{"rendered":"https:\/\/www.europesays.com\/fr\/271951\/"},"modified":"2025-07-25T04:12:12","modified_gmt":"2025-07-25T04:12:12","slug":"rugby-lancien-joueur-du-fcg-alain-michel-est-decede-a-lage-de-75-ans","status":"publish","type":"post","link":"https:\/\/www.europesays.com\/fr\/271951\/","title":{"rendered":"Rugby. L&rsquo;ancien joueur du FCG, Alain Michel, est d\u00e9c\u00e9d\u00e9 \u00e0 l&rsquo;\u00e2ge de 75 ans"},"content":{"rendered":"<p>Le FCG a perdu l&rsquo;un de ses anciens joueurs, Alain Michel.\u00a0\u00c0 l&rsquo;\u00e2ge de 75 ans, l&rsquo;ancien talonneur du FCG a eu une belle carri\u00e8re d&rsquo;entra\u00eeneur et de dirigeant par la suite. Pr\u00e9sident embl\u00e9matique de l&rsquo;AS Fontaine Rugby, il a laiss\u00e9 une empreinte ind\u00e9l\u00e9bile dans le club de la banlieue grenobloise.<\/p>\n<p>\u00ab\u00a0Ces derni\u00e8res ann\u00e9es, toujours dirigeant au club, il a continu\u00e9 de donner \u00e0 chacun des membres du rugby fontainois l&rsquo;orientation la meilleure. Son d\u00e9part plonge le club dans la douleur et la tristesse et les prochaines victoires seront pour lui le meilleur des hommages \u00bb, a \u00e9crit l&rsquo;AS Fontaine Rugby sur son compte Facebook.<\/p>\n<p>Ce contenu est bloqu\u00e9 car vous n&rsquo;avez pas accept\u00e9 les cookies et autres traceurs.<\/p>\n<p>En cliquant sur \u00ab J\u2019accepte \u00bb, les cookies et autres traceurs seront d\u00e9pos\u00e9s et vous pourrez visualiser les contenus  (<a href=\"\" class=\"consentModule_policy\" target=\"_blank\" title=\"Consulter la politique de protection des donn\u00e9es du fournisseur\">plus d&rsquo;informations<\/a>).<\/p>\n<p>En cliquant sur \u00ab J\u2019accepte tous les cookies \u00bb, vous autorisez des d\u00e9p\u00f4ts de cookies et autres traceurs pour le stockage de vos donn\u00e9es sur nos sites et applications \u00e0 des fins de personnalisation et de ciblage publicitaire.<\/p>\n<p class=\"consentModule_secondaryText\">Vous gardez la possibilit\u00e9 de retirer votre consentement \u00e0 tout moment en consultant notre <a href=\"https:\/\/www.ledauphine.com\/protection-des-donnees\" target=\"_blank\" title=\"Consulter notre politique de protection des donn\u00e9es\" rel=\"noopener\">politique de protection des donn\u00e9es<\/a>. <br \/>&#13;<br \/>\n            <a href=\"https:\/\/www.ledauphine.com\/sport\/2025\/07\/22\/javascript:Didomi.notice.show()\" class=\"consentModule_cmp\" target=\"_blank\" rel=\"noopener\">G\u00e9rer mes choix<\/a>&#13;\n        <\/p>\n<p>&#13;<br \/>\n                        J&rsquo;accepte&#13;<br \/>\n            J&rsquo;accepte tous les cookies&#13;\n        <\/p>\n","protected":false},"excerpt":{"rendered":"Le FCG a perdu l&rsquo;un de ses anciens joueurs, Alain Michel.\u00a0\u00c0 l&rsquo;\u00e2ge de 75 ans, l&rsquo;ancien talonneur du&hellip;\n","protected":false},"author":2,"featured_media":271952,"comment_status":"","ping_status":"","sticky":false,"template":"","format":"standard","meta":{"footnotes":""},"categories":[9566],"tags":[1111,11,2430,112,113,114,1777,674,2727,107,1701,9592,11680,1011,27,2731,108,12297,12,25,479,517],"class_list":{"0":"post-271951","1":"post","2":"type-post","3":"status-publish","4":"format-standard","5":"has-post-thumbnail","7":"category-grenoble","8":"tag-actu","9":"tag-actualites","10":"tag-auvergne-rhone-alpes","11":"tag-edition-grenoble-agglomeration","12":"tag-edition-gresivaudan-oisans","13":"tag-edition-voiron-saint-marcellin","14":"tag-eu","15":"tag-europe","16":"tag-fcg-fc-grenoble-rugby","17":"tag-fil-info","18":"tag-fil-info-sport","19":"tag-fontaine","20":"tag-fontaine-bassin","21":"tag-fr","22":"tag-france","23":"tag-grenoble","24":"tag-isere","25":"tag-la-tronche","26":"tag-news","27":"tag-republique-francaise","28":"tag-rugby","29":"tag-sport"},"share_on_mastodon":{"url":"https:\/\/pubeurope.com\/@fr\/114911926293026592","error":""},"_links":{"self":[{"href":"https:\/\/www.europesays.com\/fr\/wp-json\/wp\/v2\/posts\/271951","targetHints":{"allow":["GET"]}}],"collection":[{"href":"https:\/\/www.europesays.com\/fr\/wp-json\/wp\/v2\/posts"}],"about":[{"href":"https:\/\/www.europesays.com\/fr\/wp-json\/wp\/v2\/types\/post"}],"author":[{"embeddable":true,"href":"https:\/\/www.europesays.com\/fr\/wp-json\/wp\/v2\/users\/2"}],"replies":[{"embeddable":true,"href":"https:\/\/www.europesays.com\/fr\/wp-json\/wp\/v2\/comments?post=271951"}],"version-history":[{"count":0,"href":"https:\/\/www.europesays.com\/fr\/wp-json\/wp\/v2\/posts\/271951\/revisions"}],"wp:featuredmedia":[{"embeddable":true,"href":"https:\/\/www.europesays.com\/fr\/wp-json\/wp\/v2\/media\/271952"}],"wp:attachment":[{"href":"https:\/\/www.europesays.com\/fr\/wp-json\/wp\/v2\/media?parent=271951"}],"wp:term":[{"taxonomy":"category","embeddable":true,"href":"https:\/\/www.europesays.com\/fr\/wp-json\/wp\/v2\/categories?post=271951"},{"taxonomy":"post_tag","embeddable":true,"href":"https:\/\/www.europesays.com\/fr\/wp-json\/wp\/v2\/tags?post=271951"}],"curies":[{"name":"wp","href":"https:\/\/api.w.org\/{rel}","templated":true}]}}