{"id":271958,"date":"2025-07-25T04:18:11","date_gmt":"2025-07-25T04:18:11","guid":{"rendered":"https:\/\/www.europesays.com\/fr\/271958\/"},"modified":"2025-07-25T04:18:11","modified_gmt":"2025-07-25T04:18:11","slug":"on-a-limpression-quils-veulent-mettre-les-nicois-dehors-des-habitants-de-ce-secteur-du-vieux-nice-se-plaignent-de-la-presence-des-voitures","status":"publish","type":"post","link":"https:\/\/www.europesays.com\/fr\/271958\/","title":{"rendered":"\u00ab\u00a0On a l\u2019impression qu\u2019ils veulent mettre les Ni\u00e7ois dehors\u00a0\u00bb: des habitants de ce secteur du Vieux-Nice se plaignent de la pr\u00e9sence des voitures"},"content":{"rendered":"<p>Elles circulent vite au milieu des pi\u00e9tons. Qu\u2019importent le jour et l\u2019heure, les voiturettes \u00e9lectriques de l\u2019h\u00f4tel du Couvent empruntent le m\u00eame itin\u00e9raire pour transporter les clients: elles entrent dans le Vieux-Nice par la rue Centrale, traversent la rue de la Loge et la rue Saint-Joseph avant de remonter la rue Rossetti jusqu\u2019\u00e0 l\u2019h\u00f4tel. Et ce balai incessant agace. Ajout\u00e9 \u00e0 cela la circulation et le stationnement des voitures des clients et le constat est le m\u00eame pour de nombreux habitants: \u00ab\u00a0On a l\u2019impression qu\u2019ils veulent mettre les Ni\u00e7ois dehors\u00a0\u00bb.<\/p>\n<p>Le stationnement compliqu\u00e9<\/p>\n<p>L\u2019appartement de Jean-Pierre donne sur la rue Rossetti. Depuis sa fen\u00eatre, il observe les all\u00e9es et venues des v\u00e9hicules et d\u00e9plore les rang\u00e9es de voitures noires gar\u00e9es sur le haut de la rue, pr\u00e8s de l\u2019ancien Couvent. \u00ab\u00a0Regardez, il n\u2019y a aucune immatriculation 06. \u00c0 l\u2019\u00e9poque, il y avait 50 places et seuls les gens du quartier se garaient\u00a0\u00bb, raconte ce Ni\u00e7ois. D\u00e9sormais, il est oblig\u00e9 de louer un emplacement de parking pour garer sa voiture. Sous la chaleur plombante, Martine, la soixantaine bien tass\u00e9e, remonte la rue Saint-Joseph avec son chariot de courses. Elle rentre de commissions pour sa m\u00e8re \u00e2g\u00e9e. \u00ab\u00a0Je n\u2019ai plus de place pour me garer ici. Alors je fais des allers-retours entre le parking \u00e0 Jean-Bouin et chez elle. \u00c7a n\u2019est pas facile, surtout avec cette chaleur\u00a0\u00bb, confie-t-elle, en nage. Les riverains peuvent pourtant se garer \u00e0 Rossetti, s\u2019ils en ont l\u2019autorisation. Mais, les places sont rares.<\/p>\n<p>Un v\u00e9hicule par minute<\/p>\n<p>L\u2019augmentation des v\u00e9hicules g\u00e9n\u00e8re aussi beaucoup de va-et-vient. Marie (1) habite pr\u00e8s de l\u2019\u00e9cole du Ch\u00e2teau. Elle voit r\u00e9guli\u00e8rement des enfants courir dans tous les sens aux entr\u00e9es et sorties d\u2019\u00e9cole. Et cela ne fait pas bon m\u00e9nage avec la circulation des voitures. \u00ab\u00a0Elles roulent vite et c\u2019est dangereux\u00a0\u00bb, alerte-t-elle. Surtout, ces rues qui fourmillent de passants n\u2019ont pas \u00e9t\u00e9 con\u00e7ues pour un flux important de v\u00e9hicules. Comme de nombreux axes du Vieux-Nice, la rue de la Loge ne poss\u00e8de pas de trottoir. Les voitures doivent donc cohabiter avec les pi\u00e9tons. Possible quand les rares v\u00e9hicules qui passent sont ceux des habitants du quartier. Probl\u00e9matique quand les clients de l\u2019h\u00f4tel font des all\u00e9es et venues, augmentant la fr\u00e9quence de passage \u00e0 un v\u00e9hicule par minute en moyenne. \u00ab\u00a0Quand on remonte \u00e0 pied, les chauffeurs r\u00e2lent parce qu\u2019on les bloque. Les personnes \u00e2g\u00e9es qui arpentent la rue avec leurs courses se font raser\u00a0\u00bb, t\u00e9moigne Marie. L\u2019h\u00f4tel n\u2019est pas le seul responsable de cette augmentation: les rues sont aussi emprunt\u00e9es par les locataires des nombreux AirBnb du quartier.<\/p>\n<p>Des voiturettes pour r\u00e9duire les voitures<\/p>\n<p>              <img ci-src=\"https:\/\/www.nicematin.com\/transports\/protec\/DATA_ART_15959617-LWzHoJzc.jpg?vh=f9f46c&amp;ci_seal=041b92586d\" alt=\"\"\/><br \/>\n        Dans le Vieux-Nice, aux abords de l\u2019h\u00f4tel du Couvent, une ribambelle de voitures gar\u00e9es. <strong>Photo Justine Meddah.<\/strong> <\/p>\n<p>Pour limiter tout de m\u00eame l\u2019impact de leurs v\u00e9hicules, l\u2019h\u00f4tel du Couvent a embauch\u00e9 15 voituriers et investi dans quatre voiturettes \u00e9lectriques \u00e0 six places pour acheminer vers l\u2019h\u00f4tel les clients arrivant en taxi ou en VTC depuis le boulevard Jean-Jaur\u00e8s. Mais parfois, les plus exigeants souhaitent \u00eatre d\u00e9pos\u00e9s sans avoir \u00e0 changer de moyen de transport. D\u2019autres souhaitent venir en voiture et parviennent \u00e0 (se) faire ouvrir les bornes pour circuler et stationner dans le Vieux-Nice. \u00ab\u00a0La plupart du temps, un voiturier prend en charge leur voiture et l\u2019emm\u00e8ne au parking Saleya, o\u00f9 l\u2019h\u00f4tel dispose de plus d\u2019une vingtaine de places\u00a0\u00bb, assure Myriam Kournaf-Lambert, sa directrice. Mais certains privil\u00e9gi\u00e9s souhaitent conserver la vue sur leurs luxueuses voitures, qui sont donc gar\u00e9es principalement \u00e0 c\u00f4t\u00e9 de l\u2019h\u00f4tel, rue Honor\u00e9 Ugo. Ce n\u2019est pourtant pas permis par la Ville, d\u2019apr\u00e8s l\u2019adjoint au maire d\u00e9l\u00e9gu\u00e9 \u00e0 la Circulation et au stationnement. \u00ab\u00a0La voiture d\u2019un client de l\u2019h\u00f4tel n\u2019a pas le droit de circuler dans le Vieux-Nice. Seuls les taxis, les livraisons, et les v\u00e9hicules des r\u00e9sidents sont autoris\u00e9s\u00a0\u00bb, affirme Ga\u00ebl Nofri.<\/p>\n<p>Mais g\u00e9n\u00e9ralement, sur le haut de la rue, les places sont encombr\u00e9es de v\u00e9hicules en transit. \u00ab\u00a0La plupart du temps, les chauffeurs se stationnent sur le haut des marches de Rossetti, attendent leur client 15 minutes puis s\u2019en vont\u00a0\u00bb, pr\u00e9cise Myriam Kournaf-Lambert. Au maximum, l\u2019h\u00f4tel tente de faire des compromis entre les demandes des clients et le respect de la tranquillit\u00e9. \u00ab\u00a0Dans un h\u00f4tel de ce standing, certains ont une exigence. On leur explique qu\u2019il faut parfois faire des concessions\u00a0\u00bb, assure Myriam Kournaf-Lambert, tout en pr\u00e9cisant que les voituriers ont pour consigne de lib\u00e9rer les places au maximum lorsqu\u2019elles sont requises par les habitants.<\/p>\n<p>\u00ab\u00a0Nous allons s\u00e9vir\u00a0\u00bb<\/p>\n<p>\u00ab\u00a0Il y a un sujet de circulation et de stationnement qui n\u2019est pas convenable\u00a0\u00bb, a reconnu Anthony Borr\u00e9, premier adjoint au maire de Nice, lors d\u2019une r\u00e9union de quartier le 1er juillet. Comme il le fait r\u00e9guli\u00e8rement, il a rencontr\u00e9 la g\u00e9rante de l\u2019h\u00f4tel le 18 juillet au sujet de cette \u00ab\u00a0nu\u00e9e de v\u00e9hicules qui prive l\u2019acc\u00e8s au Vieux Nice. Nous allons s\u00e9vir et ne pas laisser faire. Nous irons au rapport de force s\u2019il le faut\u00a0\u00bb, a-t-il pr\u00e9venu. Son coll\u00e8gue, Ga\u00ebl Nofri, pr\u00e9cise que lors de l\u2019installation de l\u2019h\u00f4tel, des conditions ont \u00e9t\u00e9 pos\u00e9es. \u00ab\u00a0Notamment l\u2019obligation pour l\u2019h\u00f4tel de stationner l\u2019ensemble de ses v\u00e9hicules au parking Saleya et de mettre en place des navettes\u00a0\u00bb, d\u00e9taille l\u2019\u00e9lu.<\/p>\n<p>La municipalit\u00e9 a donc rappel\u00e9 la direction de l\u2019h\u00f4tel \u00e0 l\u2019ordre et r\u00e9fl\u00e9chit \u00e0 des am\u00e9nagements \u00ab\u00a0\u00e0 la marge\u00a0\u00bb pour am\u00e9liorer les conditions de vie des r\u00e9sidents. \u00ab\u00a0On va laisser terminer la saison et faire un bilan ensuite. Mais le but, ce n\u2019est pas de cr\u00e9er de la circulation dans des rues qui ne sont pas pr\u00e9vues pour \u00e7a\u00a0\u00bb, conclut Ga\u00ebl Nofri.<\/p>\n<p>De son c\u00f4t\u00e9, l\u2019h\u00f4tel du Couvent pr\u00e9cise que les flux de circulation sont tels qu\u2019ils ont \u00e9t\u00e9 pr\u00e9vus lors de l\u2019accord du permis de construire. \u00ab\u00a0Ces nuisances sont aussi le gagne-pain de Nice. Mais nous savons qu\u2019elles sont importantes. On est encore dans une phase o\u00f9 on essaye de trouver des solutions pour contenter tout le monde\u00a0\u00bb, conc\u00e8de la directrice de l\u2019h\u00f4tel.<\/p>\n<p>Encore une histoire de cohabitation d\u00e9licate dans laquelle chacun devra faire des concessions&#8230;<\/p>\n<p>1. Le pr\u00e9nom a \u00e9t\u00e9 chang\u00e9.<\/p>\n","protected":false},"excerpt":{"rendered":"Elles circulent vite au milieu des pi\u00e9tons. Qu\u2019importent le jour et l\u2019heure, les voiturettes \u00e9lectriques de l\u2019h\u00f4tel du&hellip;\n","protected":false},"author":2,"featured_media":271959,"comment_status":"","ping_status":"","sticky":false,"template":"","format":"standard","meta":{"footnotes":""},"categories":[2819],"tags":[1111,11,1777,674,1011,27,12,2401,882,25,800],"class_list":{"0":"post-271958","1":"post","2":"type-post","3":"status-publish","4":"format-standard","5":"has-post-thumbnail","7":"category-nice","8":"tag-actu","9":"tag-actualites","10":"tag-eu","11":"tag-europe","12":"tag-fr","13":"tag-france","14":"tag-news","15":"tag-nice","16":"tag-provence-alpes-cote-dazur","17":"tag-republique-francaise","18":"tag-transports"},"share_on_mastodon":{"url":"https:\/\/pubeurope.com\/@fr\/114911949805959801","error":""},"_links":{"self":[{"href":"https:\/\/www.europesays.com\/fr\/wp-json\/wp\/v2\/posts\/271958","targetHints":{"allow":["GET"]}}],"collection":[{"href":"https:\/\/www.europesays.com\/fr\/wp-json\/wp\/v2\/posts"}],"about":[{"href":"https:\/\/www.europesays.com\/fr\/wp-json\/wp\/v2\/types\/post"}],"author":[{"embeddable":true,"href":"https:\/\/www.europesays.com\/fr\/wp-json\/wp\/v2\/users\/2"}],"replies":[{"embeddable":true,"href":"https:\/\/www.europesays.com\/fr\/wp-json\/wp\/v2\/comments?post=271958"}],"version-history":[{"count":0,"href":"https:\/\/www.europesays.com\/fr\/wp-json\/wp\/v2\/posts\/271958\/revisions"}],"wp:featuredmedia":[{"embeddable":true,"href":"https:\/\/www.europesays.com\/fr\/wp-json\/wp\/v2\/media\/271959"}],"wp:attachment":[{"href":"https:\/\/www.europesays.com\/fr\/wp-json\/wp\/v2\/media?parent=271958"}],"wp:term":[{"taxonomy":"category","embeddable":true,"href":"https:\/\/www.europesays.com\/fr\/wp-json\/wp\/v2\/categories?post=271958"},{"taxonomy":"post_tag","embeddable":true,"href":"https:\/\/www.europesays.com\/fr\/wp-json\/wp\/v2\/tags?post=271958"}],"curies":[{"name":"wp","href":"https:\/\/api.w.org\/{rel}","templated":true}]}}