{"id":271960,"date":"2025-07-25T04:19:11","date_gmt":"2025-07-25T04:19:11","guid":{"rendered":"https:\/\/www.europesays.com\/fr\/271960\/"},"modified":"2025-07-25T04:19:11","modified_gmt":"2025-07-25T04:19:11","slug":"30-millions-deuros-pour-transformer-le-palais-des-expos-a-nice-en-palais-des-arts","status":"publish","type":"post","link":"https:\/\/www.europesays.com\/fr\/271960\/","title":{"rendered":"30 millions d\u2019euros pour transformer le palais des Expos \u00e0 Nice en \u00ab\u00a0palais des arts\u00a0\u00bb"},"content":{"rendered":"<p>Co\u00fbt estim\u00e9 de l\u2019op\u00e9ration 30.790.000 euros hors taxes.<\/p>\n<p>\u00ab\u00a0Le respect de l\u2019enveloppe budg\u00e9taire est essentiel pour assurer la viabilit\u00e9 et la r\u00e9ussite du projet\u00a0\u00bb, annonce sans d\u00e9tour le r\u00e8glement de la consultation que vient de publier la Ville de Nice. Un appel \u00e0 candidature qui a pour but de d\u00e9signer les entreprises charg\u00e9es d\u2019op\u00e9rer la mue du palais des Expositions (PEX). La municipalit\u00e9 veut faire de cette halle de b\u00e9ton datant des ann\u00e9es 1950, \u00ab\u00a0le point d\u2019orgue\u00a0\u00bb du prolongement de la promenade du Paillon. Un v\u00e9ritable \u00ab\u00a0palais des arts\u00a0\u00bb, annoncent les documents mis \u00e0 la disposition des candidats.<\/p>\n<p>Ce cahier des charges liste les contraintes de ce projet. Et elles sont nombreuses. Hors de question, tout d\u2019abord, de d\u00e9naturer ce b\u00e2timent \u00e0 l\u2019architecture \u00ab\u00a0remarquable\u00a0\u00bb. Lors de son \u00e9dification en 1956, cette structure en vo\u00fbte ne comptait aucun poteau de sout\u00e8nement, offrant du coup une surface d\u2019exploitation maximale. Pas question de l\u2019entraver. Les candidats vont au contraire devoir redoubler d\u2019ing\u00e9niosit\u00e9 pour faire rentrer dans cette halle de 2.500m2 au sol, plusieurs \u00e9quipements&#8230; Et non des moindres!<\/p>\n<p>Le th\u00e9\u00e2tre et la cin\u00e9math\u00e8que<\/p>\n<p>L\u2019objectif est de relocaliser au PEX deux \u00e9quipements culturels: le Th\u00e9\u00e2tre National de Nice (TNN) et la cin\u00e9math\u00e8que. Les deux se sont retrouv\u00e9s sans toit ces derni\u00e8res ann\u00e9es, notamment \u00e0 cause de la d\u00e9molition d\u2019Acropolis. D\u00e9plac\u00e9s pour cause d\u2019extension de la coul\u00e9e verte, ils ont donc vocation \u00e0 trouver un nouvel \u00e9crin dans ce futur \u00ab\u00a0palais des arts\u00a0\u00bb. Une salle de 800 places doit y \u00eatre am\u00e9nag\u00e9e pour le TNN et une autre de 175 si\u00e8ges minimum sera d\u00e9di\u00e9e au cin\u00e9ma.<\/p>\n<p>Le tout sans pour autant avoir \u00e0 renforcer la structure actuelle du palais des Expos construit sur le lit du Paillon. C\u2019est l\u00e0, l\u2019une des contraintes techniques majeures de ce dossier. Notamment en raison du poids inh\u00e9rent la machinerie d\u2019un th\u00e9\u00e2tre.<\/p>\n<p>Un troisi\u00e8me \u00e9quipement myst\u00e8re<\/p>\n<p>Les candidats auront aussi pour mission de moderniser et d\u2019embellir le parvis menant au PEX. Notamment de changer toutes les menuiseries en aluminium de son fronton Sud. C\u00f4t\u00e9 nord, ils devront garder une place substantielle pour un \u00e9quipement myst\u00e8re. Le r\u00e8glement de la consultation ne dit rien de cette troisi\u00e8me infrastructure qui va, \u00e0 terme, partager les lieux avec le TNN et la cin\u00e9math\u00e8que. Si ce n\u2019est qu\u2019elle occupera pr\u00e8s d\u2019un tiers de l\u2019emprise&#8230; Tout de m\u00eame!<\/p>\n<p>Des bruits ont circul\u00e9 sur un \u00e9ventuel mus\u00e9e du carnaval, voire une relocalisation partielle des ateliers de confection de chars. Tout comme l\u2019\u00e9ventualit\u00e9 de cr\u00e9er une nouvelle salle de concert \u00e0 Nice. Seule certitude, ce troisi\u00e8me \u00e9quipement devra \u00eatre isol\u00e9 phoniquement des deux autres.<\/p>\n<p>En attendant, les candidats ont jusqu\u2019au 7 octobre prochain pour d\u00e9poser un dossier. Trois d\u2019entre eux seront alors retenus pour formuler leurs offres qui seront, in fine, d\u00e9partag\u00e9es par un jury.<\/p>\n","protected":false},"excerpt":{"rendered":"Co\u00fbt estim\u00e9 de l\u2019op\u00e9ration 30.790.000 euros hors taxes. \u00ab\u00a0Le respect de l\u2019enveloppe budg\u00e9taire est essentiel pour assurer la&hellip;\n","protected":false},"author":2,"featured_media":271961,"comment_status":"","ping_status":"","sticky":false,"template":"","format":"standard","meta":{"footnotes":""},"categories":[2819],"tags":[1111,11,1777,674,1011,27,12,2401,882,25,1352],"class_list":{"0":"post-271960","1":"post","2":"type-post","3":"status-publish","4":"format-standard","5":"has-post-thumbnail","7":"category-nice","8":"tag-actu","9":"tag-actualites","10":"tag-eu","11":"tag-europe","12":"tag-fr","13":"tag-france","14":"tag-news","15":"tag-nice","16":"tag-provence-alpes-cote-dazur","17":"tag-republique-francaise","18":"tag-urbanisme"},"share_on_mastodon":{"url":"https:\/\/pubeurope.com\/@fr\/114911953736759671","error":""},"_links":{"self":[{"href":"https:\/\/www.europesays.com\/fr\/wp-json\/wp\/v2\/posts\/271960","targetHints":{"allow":["GET"]}}],"collection":[{"href":"https:\/\/www.europesays.com\/fr\/wp-json\/wp\/v2\/posts"}],"about":[{"href":"https:\/\/www.europesays.com\/fr\/wp-json\/wp\/v2\/types\/post"}],"author":[{"embeddable":true,"href":"https:\/\/www.europesays.com\/fr\/wp-json\/wp\/v2\/users\/2"}],"replies":[{"embeddable":true,"href":"https:\/\/www.europesays.com\/fr\/wp-json\/wp\/v2\/comments?post=271960"}],"version-history":[{"count":0,"href":"https:\/\/www.europesays.com\/fr\/wp-json\/wp\/v2\/posts\/271960\/revisions"}],"wp:featuredmedia":[{"embeddable":true,"href":"https:\/\/www.europesays.com\/fr\/wp-json\/wp\/v2\/media\/271961"}],"wp:attachment":[{"href":"https:\/\/www.europesays.com\/fr\/wp-json\/wp\/v2\/media?parent=271960"}],"wp:term":[{"taxonomy":"category","embeddable":true,"href":"https:\/\/www.europesays.com\/fr\/wp-json\/wp\/v2\/categories?post=271960"},{"taxonomy":"post_tag","embeddable":true,"href":"https:\/\/www.europesays.com\/fr\/wp-json\/wp\/v2\/tags?post=271960"}],"curies":[{"name":"wp","href":"https:\/\/api.w.org\/{rel}","templated":true}]}}