{"id":271964,"date":"2025-07-25T04:22:14","date_gmt":"2025-07-25T04:22:14","guid":{"rendered":"https:\/\/www.europesays.com\/fr\/271964\/"},"modified":"2025-07-25T04:22:14","modified_gmt":"2025-07-25T04:22:14","slug":"les-commercants-penalises-par-les-travaux-du-tram-sur-les-quais-finalement-indemnises","status":"publish","type":"post","link":"https:\/\/www.europesays.com\/fr\/271964\/","title":{"rendered":"Les commer\u00e7ants p\u00e9nalis\u00e9s par les travaux du tram sur les quais finalement indemnis\u00e9s ?"},"content":{"rendered":"<p class=\"wp-block-post-excerpt__excerpt\">En int\u00e9grant la phase pr\u00e9paratoire du chantier pour r\u00e9\u00e9valuer le temps des travaux, la mairie de Bordeaux a convaincu Bordeaux M\u00e9tropole d\u2019examiner les dossiers des commer\u00e7ants les plus touch\u00e9s par les travaux porte de Bourgogne. Mais l\u2019aide reste incertaine, et les pertes d\u00e9j\u00e0 lourdes. <\/p>\n<p><a href=\"https:\/\/rue89bordeaux.com\/category\/actualite\/\" rel=\"tag nofollow noopener\" target=\"_blank\">Actualit\u00e9<\/a>, <a href=\"https:\/\/rue89bordeaux.com\/category\/kiosque-abonne\/\" rel=\"tag nofollow noopener\" target=\"_blank\">\u00c9dition abonn\u00e9s<\/a><\/p>\n<p>Walid Salem<\/p>\n<p>Publi\u00e9 le 25 juillet 2025\u00a0\u00a0\u00b7\u00a0\u00a0<\/p>\n<p>Imprim\u00e9 le 25 juillet 2025 \u00e0 06h22\u00a0\u00a0\u00b7\u00a0\u00a0<\/p>\n<p>\t\t\t\t\t5\u00a0minutes\n<\/p>\n<p>Serait-ce une lueur d\u2019espoir pour les commer\u00e7ants du secteur porte de Bourgogne ? Pris en tenaille entre la r\u00e9fection du pont de pierre et les travaux d\u2019aiguillage du tramway, certains ont vu leur chiffre d\u2019affaire d\u00e9gringoler depuis le d\u00e9but du mois de juin, jusqu\u2019\u00e0 enregistrer une baisse de 40%. Ils esp\u00e9raient alors un soutien des collectivit\u00e9s.<\/p>\n<p>D\u2019abord d\u00e9sabus\u00e9s par leur rencontre avec la mairie de Bordeaux le 1er juillet, ils n\u2019ont gu\u00e8re trouv\u00e9 plus de r\u00e9confort du c\u00f4t\u00e9 de Bordeaux M\u00e9tropole. R\u00e9unis en conseil le vendredi 11 juillet, les \u00e9lus m\u00e9tropolitains ont refus\u00e9 de faire \u00e9voluer le dispositif d\u2019indemnisation des commerces impact\u00e9s par les travaux. L\u2019explication : le syst\u00e8me d\u2019indemnisation est r\u00e9serv\u00e9 aux chantiers de plus de quatre mois. Or, celui des quais, commenc\u00e9 en juin, doit s\u2019achever fin ao\u00fbt.<\/p>\n<p>\u00ab\u00a0On a fait sauter ce verrou\u00a0\u00bb, se f\u00e9licite ce jeudi Marc Etcheverry, maire-adjoint du quartier Bordeaux centre. Le maire Pierre Hurmic a plaid\u00e9 aupr\u00e8s de Bordeaux M\u00e9tropole pour prendre en compte les phases pr\u00e9paratoires du chantier d\u00e8s mai, portant sa dur\u00e9e au-del\u00e0 des quatre mois requis.<\/p>\n<blockquote class=\"wp-block-quote is-layout-flow wp-block-quote-is-layout-flow\">\n<p>\u00ab\u00a0D\u00e8s les prochains jours, les commer\u00e7ants vont pouvoir rentrer en contact avec la commission d\u2019indemnisation. On ne change pas les r\u00e8gles, mais on reconna\u00eet que la dur\u00e9e totale des travaux rend ces commerces \u00e9ligibles\u00a0\u00bb, r\u00e9sume le maire de quartier, qui promet un \u00ab\u00a0soutien technique\u00a0\u00bb tout au long de la proc\u00e9dure.<\/p>\n<\/blockquote>\n<p>Rue89 Bordeaux a besoin de vos dons<\/p>\n<p>Mille mercis \u00e0 nos 131 donateurs ! Gr\u00e2ce \u00e0 vous, nous avons atteint notre objectif initial de 10\u202f000\u202f\u20ac. Ce soutien va nous permettre de renflouer notre tr\u00e9sorerie, apr\u00e8s le d\u00e9sengagement en 2025 d\u2019un annonceur important \u2013 Bordeaux M\u00e9tropole \u2013 et de r\u00e9gler nos factures en attente.<br \/>Cependant, la cagnotte reste ouverte jusqu\u2019\u00e0 fin septembre afin de vous laisser l\u2019occasion de continuer \u00e0 soutenir votre m\u00e9dia ind\u00e9pendant. Chaque don est d\u00e9ductible des imp\u00f4ts \u00e0 hauteur de 66\u202f%. En recevoir davantage nous permettra de consolider nos finances, d\u2019envisager une rentr\u00e9e sereine, et surtout, d\u2019enrichir nos contenus et de renforcer notre r\u00e9daction.<\/p>\n<p><\/p>\n<p class=\"has-warning-color has-text-color\">\n\t\t\t<strong> Cet article fait partie de l\u2019\u00e9dition abonn\u00e9s.<\/strong><br \/>\n\t\t\t| D\u00e9j\u00e0 abonn\u00e9\u00a0?<br \/>\n\t\t\t<a href=\"https:\/\/rue89bordeaux.com\/user\/login\/\" data-type=\"page\" data-id=\"26256\" rel=\"nofollow noopener\" target=\"_blank\">Connectez-vous<\/a>\n\t\t<\/p>\n<p>Abonnez-vous maintenant pour poursuivre votre lecture<\/p>\n<p><img loading=\"lazy\" decoding=\"async\" width=\"607\" height=\"480\" src=\"https:\/\/www.europesays.com\/fr\/wp-content\/uploads\/2025\/04\/1744387698_768_04-paywall.png\" alt=\"Abonnez-vous\" class=\"wp-image-128438\"  \/><\/p>\n<p>\t\t\t<a href=\"https:\/\/rue89bordeaux.com\/\" class=\"custom-logo-link\" rel=\"home nofollow noopener\" target=\"_blank\"><img loading=\"lazy\" decoding=\"async\" width=\"290\" height=\"49\" src=\"https:\/\/www.europesays.com\/fr\/wp-content\/uploads\/2025\/04\/logo.png\" class=\"custom-logo\" alt=\"Rue89Bordeaux Enqu\u00eates et informations de proximit\u00e9\"  \/><\/a><\/p>\n<p>\n\t\t\t\tAbonnez-vous maintenant pour suivre l\u2019actualit\u00e9 locale.\t\t\t<\/p>\n<p class=\"font-bold font-serif-heading mb-2 text-4xl\">\n\t\t\t\t\t\tL\u2019investigation locale \u00e0 port\u00e9e de main.\n\t\t\t\t\t<\/p>\n<p>\n\t\t\t\t\t\tAbonnez-vous et profitez d\u2019un acc\u00e8s illimit\u00e9 \u00e0 Rue89Bordeaux. Annulez quand vous voulez.\n\t\t\t\t\t<\/p>\n<p class=\"xl:text-sm\">\n\t\t\t\t\tD\u00e9j\u00e0 abonn\u00e9\u00a0?<br \/>\n\t\t\t\t\t<a class=\"border border-transparent text-center transition-colors duration-instant focus:border-info focus:rounded focus:shadow-focus cursor-pointer text-black hover:text-gray-700 active:bg-black-700 font-semibold inline-block\" href=\"https:\/\/rue89bordeaux.com\/user\/login\/?redirect=\/2025\/07\/les-commercants-penalises-par-les-travaux-du-tram-sur-les-quais-finalement-indemnises\/\" rel=\"nofollow noopener\" target=\"_blank\">Connectez-vous<\/a>\t\t\t\t<\/p>\n<p>\n\t\t\t\tChoisissez votre formule\u00a0:\n\t\t\t<\/p>\n<p>\t\t\t\tFermer<\/p>\n","protected":false},"excerpt":{"rendered":"En int\u00e9grant la phase pr\u00e9paratoire du chantier pour r\u00e9\u00e9valuer le temps des travaux, la mairie de Bordeaux a&hellip;\n","protected":false},"author":2,"featured_media":271965,"comment_status":"","ping_status":"","sticky":false,"template":"","format":"standard","meta":{"footnotes":""},"categories":[2817],"tags":[1111,11,1997,2904,7227,1777,674,1011,27,34297,12,2219,25,34298],"class_list":{"0":"post-271964","1":"post","2":"type-post","3":"status-publish","4":"format-standard","5":"has-post-thumbnail","7":"category-bordeaux","8":"tag-actu","9":"tag-actualites","10":"tag-bordeaux","11":"tag-bordeaux-metropole","12":"tag-commerces","13":"tag-eu","14":"tag-europe","15":"tag-fr","16":"tag-france","17":"tag-les-quais-de-bordeaux","18":"tag-news","19":"tag-nouvelle-aquitaine","20":"tag-republique-francaise","21":"tag-travaux-du-tramway"},"share_on_mastodon":{"url":"https:\/\/pubeurope.com\/@fr\/114911965612732595","error":""},"_links":{"self":[{"href":"https:\/\/www.europesays.com\/fr\/wp-json\/wp\/v2\/posts\/271964","targetHints":{"allow":["GET"]}}],"collection":[{"href":"https:\/\/www.europesays.com\/fr\/wp-json\/wp\/v2\/posts"}],"about":[{"href":"https:\/\/www.europesays.com\/fr\/wp-json\/wp\/v2\/types\/post"}],"author":[{"embeddable":true,"href":"https:\/\/www.europesays.com\/fr\/wp-json\/wp\/v2\/users\/2"}],"replies":[{"embeddable":true,"href":"https:\/\/www.europesays.com\/fr\/wp-json\/wp\/v2\/comments?post=271964"}],"version-history":[{"count":0,"href":"https:\/\/www.europesays.com\/fr\/wp-json\/wp\/v2\/posts\/271964\/revisions"}],"wp:featuredmedia":[{"embeddable":true,"href":"https:\/\/www.europesays.com\/fr\/wp-json\/wp\/v2\/media\/271965"}],"wp:attachment":[{"href":"https:\/\/www.europesays.com\/fr\/wp-json\/wp\/v2\/media?parent=271964"}],"wp:term":[{"taxonomy":"category","embeddable":true,"href":"https:\/\/www.europesays.com\/fr\/wp-json\/wp\/v2\/categories?post=271964"},{"taxonomy":"post_tag","embeddable":true,"href":"https:\/\/www.europesays.com\/fr\/wp-json\/wp\/v2\/tags?post=271964"}],"curies":[{"name":"wp","href":"https:\/\/api.w.org\/{rel}","templated":true}]}}