{"id":271966,"date":"2025-07-25T04:23:29","date_gmt":"2025-07-25T04:23:29","guid":{"rendered":"https:\/\/www.europesays.com\/fr\/271966\/"},"modified":"2025-07-25T04:23:29","modified_gmt":"2025-07-25T04:23:29","slug":"apres-le-documentaire-sur-bertrand-cantat-le-parquet-de-bordeaux-rouvre-lenquete-sur-la-mort-de-son-ex-femme","status":"publish","type":"post","link":"https:\/\/www.europesays.com\/fr\/271966\/","title":{"rendered":"Apr\u00e8s le documentaire sur Bertrand Cantat, le parquet de Bordeaux rouvre l&rsquo;enqu\u00eate sur la mort de son ex-femme"},"content":{"rendered":"<p>            Par<br \/>\n        <strong><br \/>\n            <a href=\"https:\/\/actu.fr\/auteur\/juliette-cardinale\" title=\"Consulter tous les articles de Juliette Cardinale\" target=\"_blank\" rel=\"noopener\">Juliette Cardinale<\/a><br \/>\n        <\/strong><\/p>\n<p>        Publi\u00e9 le<\/p>\n<p>            24 juil. 2025 \u00e0 13h30<br \/>\n        ; mis \u00e0 jour le 24 juil. 2025 \u00e0 15h24    <\/p>\n<p>Une enqu\u00eate a \u00e9t\u00e9 rouverte par le parquet de Bordeaux autour de <strong>la mort de Kristina Rady,<\/strong> ex-femme de Bertrand Cantat, est en mesure de confirmer <a href=\"https:\/\/actu.fr\/bordeaux\/\" target=\"_blank\" rel=\"noopener\">actu Bordeaux<\/a> d\u2019apr\u00e8s une information <a href=\"https:\/\/www.rtl.fr\/actu\/justice-faits-divers\/info-rtl-bertrand-cantat-le-parquet-de-bordeaux-decide-de-rouvrir-l-enquete-sur-le-suicide-de-son-ex-femme-7900525487\" target=\"_blank\" rel=\"noopener\">r\u00e9v\u00e9l\u00e9e par RTL ce jeudi 24 juillet 2025.<\/a> Le procureur de la R\u00e9publique Renaud Gaudeul a confirm\u00e9 avoir r\u00e9ouvert \u00ab\u00a0une proc\u00e9dure du chef de violences volontaires par conjoint ou concubin, <strong>\u00e0 l\u2019encontre de Bertrand Cantat<\/strong>, ex-chanteur du groupe Noir D\u00e9sir\u00a0\u00bb.<\/p>\n<p class=\" wall-content\">Le 27 mars dernier, la sortie du documentaire Le cas Cantat\u00a0sur Netflix a relanc\u00e9 les\u00a0<a href=\"https:\/\/actu.fr\/nouvelle-aquitaine\/bordeaux_33063\/ni-oubli-ni-pardon-pourquoi-le-nom-du-maire-de-bordeaux-revient-dans-l-affaire-cantat_62551724.html\" target=\"_blank\" rel=\"noopener\">discussions autour du d\u00e9c\u00e8s de Kristina Rady.<\/a> Le troisi\u00e8me \u00e9pisode est notamment consacr\u00e9 \u00e0 son histoire avec Bertrand Cantat, qui l\u2019avait quitt\u00e9e\u00a0alors qu\u2019elle venait d\u2019accoucher. Condamn\u00e9 pour le meurtre de Marie Trintignant \u00e0 Vilnius en 2003, Bertrand Cantat avait \u00e9t\u00e9 soutenu par son ex-femme lors du proc\u00e8s et les ann\u00e9es suivantes.<\/p>\n<p class=\" wall-content\">Mais apr\u00e8s avoir envoy\u00e9 des <a href=\"https:\/\/actu.fr\/nouvelle-aquitaine\/bordeaux_33063\/son-bar-a-remplace-celui-de-bertrand-cantat-a-bordeaux-il-subit-le-docu-netflix-on-ne-le-connait-meme-pas_62635033.html\" target=\"_blank\" rel=\"noopener\">messages de d\u00e9tresse \u00e0 ses parents et son nouveau compagnon,<\/a> Kristina Rady s\u2019est suicid\u00e9e le 10 janvier 2010 dans son domicile bordelais. Elle a \u00e9t\u00e9 retrouv\u00e9e par son fils, alors que <strong>Bertrand Cantat dormait dans l\u2019habitation.<\/strong><\/p>\n<p>Des t\u00e9moignages absents de l\u2019enqu\u00eate\u00a0<\/p>\n<p class=\" wall-content\">Et l\u2019impact du documentaire se ressent.\u00a0\u00ab\u00a0Son visionnage m\u2019a conduit \u00e0 ressortir le dossier en <strong>recherches des causes de la mort<\/strong> ouvert \u00e0 la suite du d\u00e9c\u00e8s de Kristina Rady\u00a0\u00bb, explique Renaud Gaudeul ce jeudi. \u00ab\u00a0Des recherches m\u2019ont permis de retrouver trois autres proc\u00e9dures subs\u00e9quentes ouvertes en 2013, 2014 puis 2018, class\u00e9es sans suite.\u00a0\u00bb<\/p>\n<p class=\" wall-content\">La pr\u00e9sence de <strong>\u00ab\u00a0plusieurs affirmations et t\u00e9moignages<\/strong> ne figurant pas dans les quatre dossiers\u00a0\u00bb a conduit le procureur \u00e0 rouvrir le dossier de violences volontaires au d\u00e9but du mois de juillet.\u00a0<\/p>\n<p class=\" wall-content\">Suivez toute l\u2019actualit\u00e9 de vos villes et m\u00e9dias favoris en vous inscrivant \u00e0 <a href=\"https:\/\/moncompte.actu.fr\" title=\"D\u00e9couvez Mon Actu\" rel=\"nofollow noopener\" data-trk=\"{&quot;cta&quot;:{&quot;action&quot;:&quot;https:\\\/\\\/moncompte.actu.fr&quot;,&quot;category&quot;:&quot;mon compte&quot;,&quot;from&quot;:&quot;article footer&quot;,&quot;name&quot;:&quot;Mon actu&quot;,&quot;type&quot;:&quot;cta&quot;}}\" target=\"_blank\">Mon Actu<\/a>.<\/p>\n","protected":false},"excerpt":{"rendered":"Par Juliette Cardinale Publi\u00e9 le 24 juil. 2025 \u00e0 13h30 ; mis \u00e0 jour le 24 juil. 2025&hellip;\n","protected":false},"author":2,"featured_media":271967,"comment_status":"","ping_status":"","sticky":false,"template":"","format":"standard","meta":{"footnotes":""},"categories":[2817],"tags":[1111,11,1997,1777,674,118,3555,1011,27,303,12,3592,2219,25],"class_list":{"0":"post-271966","1":"post","2":"type-post","3":"status-publish","4":"format-standard","5":"has-post-thumbnail","7":"category-bordeaux","8":"tag-actu","9":"tag-actualites","10":"tag-bordeaux","11":"tag-eu","12":"tag-europe","13":"tag-faits-divers","14":"tag-feminicide","15":"tag-fr","16":"tag-france","17":"tag-justice","18":"tag-news","19":"tag-noir-desir","20":"tag-nouvelle-aquitaine","21":"tag-republique-francaise"},"share_on_mastodon":{"url":"https:\/\/pubeurope.com\/@fr\/114911969522049784","error":""},"_links":{"self":[{"href":"https:\/\/www.europesays.com\/fr\/wp-json\/wp\/v2\/posts\/271966","targetHints":{"allow":["GET"]}}],"collection":[{"href":"https:\/\/www.europesays.com\/fr\/wp-json\/wp\/v2\/posts"}],"about":[{"href":"https:\/\/www.europesays.com\/fr\/wp-json\/wp\/v2\/types\/post"}],"author":[{"embeddable":true,"href":"https:\/\/www.europesays.com\/fr\/wp-json\/wp\/v2\/users\/2"}],"replies":[{"embeddable":true,"href":"https:\/\/www.europesays.com\/fr\/wp-json\/wp\/v2\/comments?post=271966"}],"version-history":[{"count":0,"href":"https:\/\/www.europesays.com\/fr\/wp-json\/wp\/v2\/posts\/271966\/revisions"}],"wp:featuredmedia":[{"embeddable":true,"href":"https:\/\/www.europesays.com\/fr\/wp-json\/wp\/v2\/media\/271967"}],"wp:attachment":[{"href":"https:\/\/www.europesays.com\/fr\/wp-json\/wp\/v2\/media?parent=271966"}],"wp:term":[{"taxonomy":"category","embeddable":true,"href":"https:\/\/www.europesays.com\/fr\/wp-json\/wp\/v2\/categories?post=271966"},{"taxonomy":"post_tag","embeddable":true,"href":"https:\/\/www.europesays.com\/fr\/wp-json\/wp\/v2\/tags?post=271966"}],"curies":[{"name":"wp","href":"https:\/\/api.w.org\/{rel}","templated":true}]}}