{"id":271974,"date":"2025-07-25T04:28:10","date_gmt":"2025-07-25T04:28:10","guid":{"rendered":"https:\/\/www.europesays.com\/fr\/271974\/"},"modified":"2025-07-25T04:28:10","modified_gmt":"2025-07-25T04:28:10","slug":"plus-de-40-signalements-pour-violences-sexuelles-en-un-mois-sur-les-plages-de-marseille","status":"publish","type":"post","link":"https:\/\/www.europesays.com\/fr\/271974\/","title":{"rendered":"Plus de 40 signalements pour violences sexuelles en un mois sur les plages de Marseille"},"content":{"rendered":"<p>Sur la plage des Catalans, \u00e0 Marseille, le dispositif de pr\u00e9vention et d&rsquo;intervention contre les violences sexistes et sexuelles \u00ab\u00a0Safer Plage\u00a0\u00bb assure une pr\u00e9sence quotidienne. Rien que pour le mois de juin, ses \u00e9quipes ont d\u00e9j\u00e0 recens\u00e9 moiti\u00e9 plus de signalements que l&rsquo;ann\u00e9e derni\u00e8re sur l&rsquo;ensemble de la p\u00e9riode estivale.<\/p>\n<p>                <a href=\"https:\/\/marsactu.fr\/plus-de-40-signalements-pour-violences-sexuelles-en-un-mois-sur-les-plages-de-marseille\/\" class=\"td-modal-image\" title=\"Les \u00e9quipes de Safer surveillent les potentiels actes de VSS dans l\" eau=\"\" :=\"\" e.s.=\"\" target=\"_blank\" rel=\"noopener\"><br \/>\n                    <img decoding=\"async\" class=\"entry-thumb\" src=\"data:image\/svg+xml;base64,PHN2ZyB4bWxucz0iaHR0cDovL3d3dy53My5vcmcvMjAwMC9zdmciIHZpZXdCb3g9IjAgMCAyNTYwIDE0NDAiIHdpZHRoPSIyNTYwIiBoZWlnaHQ9IjE0NDAiIGRhdGEtdT0iaHR0cHMlM0ElMkYlMkZtYXJzYWN0dS5mciUyRndwLWNvbnRlbnQlMkZ1cGxvYWRzJTJGMjAyNSUyRjA3JTJGaW1nLTUxMzctc2NhbGVkLmpwZWciIGRhdGEtdz0iMjU2MCIgZGF0YS1oPSIxNDQwIiBkYXRhLWJpcD0iIj48L3N2Zz4=\" data-spai=\"1\" alt=\"Les \u00e9quipes de Safer surveillent les potentiels actes de VSS dans l\" eau=\"\" :=\"\" e.s.=\"\" title=\"Les \u00e9quipes de Safer surveillent les potentiels actes de VSS dans l\"\/><br \/>\n                <\/a><br \/>\n                Les \u00e9quipes de Safer surveillent les potentiels actes de VSS dans l&rsquo;eau (Photo : E.S.)<\/p>\n<p class=\"wp-captation-text\">Les \u00e9quipes de Safer surveillent les potentiels actes de VSS dans l&rsquo;eau (Photo : E.S.)<\/p>\n<p>    Le sable de la plage des Catalans disparait presque sous les serviettes de bain, en ce d\u00e9but d\u2019apr\u00e8s-midi ensoleill\u00e9 de la mi-juillet. \u00c0 l\u2019entr\u00e9e du site, plusieurs m\u00e9diateurs et m\u00e9diatrices surveillent les visiteurs sous un chapiteau bord\u00e9 d\u2019un drapeau indiquant le nom du dispositif \u201cSafer plage\u201c, lanc\u00e9 en 2022 et d\u00e9ploy\u00e9 de juin \u00e0 ao\u00fbt. \u00c0 c\u00f4t\u00e9 de la tente, tr\u00f4ne un \u201cviolentom\u00e8tre\u201d \u2013 outil permettant de mesurer la gravit\u00e9 des violences sexistes et sexuelles (VSS) \u2013 plus grand qu\u2019un homme. Une annonce retentit au micro, informant de la pr\u00e9sence de ces agents de m\u00e9diation, r\u00e9mun\u00e9r\u00e9s par la Ville de Marseille, pour sensibiliser et intervenir en cas de signalements de violences. Une surveillance des plages qui fait &#8230; <\/p>\n<p>VOUS VOULEZ LIRE LA SUITE\u00a0?\n\t\t              <\/p>\n<p>\n\t\t              CET \u00c9T\u00c9,<br \/>MARSACTU EST \u00c0<br \/>\n\t\t                <\/p>\n","protected":false},"excerpt":{"rendered":"Sur la plage des Catalans, \u00e0 Marseille, le dispositif de pr\u00e9vention et d&rsquo;intervention contre les violences sexistes et&hellip;\n","protected":false},"author":2,"featured_media":271975,"comment_status":"","ping_status":"","sticky":false,"template":"","format":"standard","meta":{"footnotes":""},"categories":[2814],"tags":[1111,11,1777,674,1011,27,884,13976,12,41144,882,25,41145,41146,4772],"class_list":{"0":"post-271974","1":"post","2":"type-post","3":"status-publish","4":"format-standard","5":"has-post-thumbnail","7":"category-marseille","8":"tag-actu","9":"tag-actualites","10":"tag-eu","11":"tag-europe","12":"tag-fr","13":"tag-france","14":"tag-marseille","15":"tag-municipalite","16":"tag-news","17":"tag-plagedescatalans","18":"tag-provence-alpes-cote-dazur","19":"tag-republique-francaise","20":"tag-saferplage","21":"tag-violencessexistesetsexuelles","22":"tag-zalu"},"share_on_mastodon":{"url":"https:\/\/pubeurope.com\/@fr\/114911989113530648","error":""},"_links":{"self":[{"href":"https:\/\/www.europesays.com\/fr\/wp-json\/wp\/v2\/posts\/271974","targetHints":{"allow":["GET"]}}],"collection":[{"href":"https:\/\/www.europesays.com\/fr\/wp-json\/wp\/v2\/posts"}],"about":[{"href":"https:\/\/www.europesays.com\/fr\/wp-json\/wp\/v2\/types\/post"}],"author":[{"embeddable":true,"href":"https:\/\/www.europesays.com\/fr\/wp-json\/wp\/v2\/users\/2"}],"replies":[{"embeddable":true,"href":"https:\/\/www.europesays.com\/fr\/wp-json\/wp\/v2\/comments?post=271974"}],"version-history":[{"count":0,"href":"https:\/\/www.europesays.com\/fr\/wp-json\/wp\/v2\/posts\/271974\/revisions"}],"wp:featuredmedia":[{"embeddable":true,"href":"https:\/\/www.europesays.com\/fr\/wp-json\/wp\/v2\/media\/271975"}],"wp:attachment":[{"href":"https:\/\/www.europesays.com\/fr\/wp-json\/wp\/v2\/media?parent=271974"}],"wp:term":[{"taxonomy":"category","embeddable":true,"href":"https:\/\/www.europesays.com\/fr\/wp-json\/wp\/v2\/categories?post=271974"},{"taxonomy":"post_tag","embeddable":true,"href":"https:\/\/www.europesays.com\/fr\/wp-json\/wp\/v2\/tags?post=271974"}],"curies":[{"name":"wp","href":"https:\/\/api.w.org\/{rel}","templated":true}]}}