{"id":27198,"date":"2025-04-15T18:31:12","date_gmt":"2025-04-15T18:31:12","guid":{"rendered":"https:\/\/www.europesays.com\/fr\/27198\/"},"modified":"2025-04-15T18:31:12","modified_gmt":"2025-04-15T18:31:12","slug":"aurore-berge-affirme-quune-boulangerie-a-ete-attaquee-a-strasbourg-car-israelienne-fake-news-repond-la-prefecture","status":"publish","type":"post","link":"https:\/\/www.europesays.com\/fr\/27198\/","title":{"rendered":"Aurore Berg\u00e9 affirme qu\u2019une boulangerie a \u00e9t\u00e9 attaqu\u00e9e \u00e0 Strasbourg \u00ab car isra\u00e9lienne. \u00bb Fake news, r\u00e9pond la pr\u00e9fecture"},"content":{"rendered":"<p>POLITIQUE &#8211; Le carton de Berg\u00e9. Plusieurs responsables politiques de premiers plans se sont insurg\u00e9s, dimanche 13 avril, contre une attaque antis\u00e9mite \u00e0 <a data-i13n=\"cpos:1;pos:1\" href=\"https:\/\/fr.news.yahoo.com\/accident-tramways-%C3%A0-strasbourg-sait-125444601.html\" data-ylk=\"slk:Strasbourg;cpos:1;pos:1;elm:context_link;itc:0;sec:content-canvas;outcm:mb_qualified_link;_E:mb_qualified_link;ct:story;\" class=\"link  yahoo-link\" rel=\"nofollow noopener\" target=\"_blank\">Strasbourg<\/a>, en marge d\u2019un rassemblement pro palestinien. Parmi eux, <a data-i13n=\"cpos:2;pos:1\" href=\"https:\/\/fr.news.yahoo.com\/aurore-berg%C3%A9-poursuivie-diffamation-rappeur-133511897.html\" data-ylk=\"slk:la ministre charg\u00e9e notamment de la lutte contre les discriminations Aurore Berg\u00e9;cpos:2;pos:1;elm:context_link;itc:0;sec:content-canvas;outcm:mb_qualified_link;_E:mb_qualified_link;ct:story;\" class=\"link  yahoo-link\" rel=\"nofollow noopener\" target=\"_blank\">la ministre charg\u00e9e notamment de la lutte contre les discriminations Aurore Berg\u00e9<\/a> a d\u00e9nonc\u00e9 sur les r\u00e9seaux sociaux le fait qu\u2019une \u00ab boulangerie \u00bb soit prise d\u2019assaut \u00ab car elle serait isra\u00e9lienne. \u00bb<\/p>\n<p>Probl\u00e8me : depuis deux jours, la pr\u00e9fecture du Bas-Rhin, la presse locale, les sources polici\u00e8res, et le g\u00e9rant du commerce en question, tous, livrent une version radicalement diff\u00e9rente de celle avanc\u00e9e par ces responsables publics, \u00e0 <a data-i13n=\"cpos:3;pos:1\" href=\"https:\/\/x.com\/BrunoBilde\/status\/1911822867265732942\" rel=\"nofollow noopener\" target=\"_blank\" data-ylk=\"slk:l\u2019extr\u00eame droite;cpos:3;pos:1;elm:context_link;itc:0;sec:content-canvas\" class=\"link \">l\u2019extr\u00eame droite<\/a>, au centre, ou au <a data-i13n=\"cpos:4;pos:1\" href=\"https:\/\/x.com\/PernelRichardot\/status\/1911658514340008387\" rel=\"nofollow noopener\" target=\"_blank\" data-ylk=\"slk:Parti socialiste,;cpos:4;pos:1;elm:context_link;itc:0;sec:content-canvas\" class=\"link \">Parti socialiste,<\/a> <a data-i13n=\"cpos:5;pos:1\" href=\"https:\/\/x.com\/auroreberge\/status\/1911532082393993680\" rel=\"nofollow noopener\" target=\"_blank\" data-ylk=\"slk:sur la foi avant tout d\u2019une vid\u00e9o d\u20191 minute 30 publi\u00e9e;cpos:5;pos:1;elm:context_link;itc:0;sec:content-canvas\" class=\"link \">sur la foi avant tout d\u2019une vid\u00e9o d\u20191 minute 30 publi\u00e9e<\/a> par un inconnu sur le r\u00e9seau social X.<\/p>\n<p><a data-i13n=\"cpos:6;pos:1\" href=\"https:\/\/fr.news.yahoo.com\/emmanuel-macron-tape-gauche-lors-193911055.html\" data-ylk=\"slk:Emmanuel Macron tape sur la gauche lors d\u2019une remise de prix \u00e0 Sophia Aram et Arthur contre l\u2019antis\u00e9mitisme;cpos:6;pos:1;elm:context_link;itc:0;sec:content-canvas;outcm:mb_qualified_link;_E:mb_qualified_link;ct:story;\" class=\"link  yahoo-link\" rel=\"nofollow noopener\" target=\"_blank\">Emmanuel Macron tape sur la gauche lors d\u2019une remise de prix \u00e0 Sophia Aram et Arthur contre l\u2019antis\u00e9mitisme <\/a><\/p>\n<p>Dans cette s\u00e9quence, on peut voir effectivement des manifestants pro palestiniens, keffieh autour du cou pour certains, particuli\u00e8rement remont\u00e9s devant des policiers \u00e0 v\u00e9lo post\u00e9s devant un commerce, en l\u2019occurrence la boulangerie Dreher, une institution situ\u00e9e non loin de la cath\u00e9drale Notre-Dame de Strasbourg. Alors, que s\u2019est-il pass\u00e9 ?<\/p>\n<p><strong>La pr\u00e9fecture d\u00e9ment la version de Berg\u00e9<\/strong><\/p>\n<p>Contact\u00e9e par <a data-i13n=\"cpos:7;pos:1\" href=\"https:\/\/www.leparisien.fr\/faits-divers\/une-boulangerie-de-strasbourg-a-t-elle-ete-prise-dassaut-car-elle-serait-israelienne-comme-laffirme-aurore-berge-14-04-2025-GGWRVDOGVVHO5OWR7NPRHVTNLA.php?at_creation=Le%20Parisien&amp;at_campaign=Partage%20Twitter%20CM&amp;at_medium=Social%20media\" rel=\"nofollow noopener\" target=\"_blank\" data-ylk=\"slk:Le Parisien;cpos:7;pos:1;elm:context_link;itc:0;sec:content-canvas\" class=\"link \">Le Parisien<\/a> lundi 14 avril, la pr\u00e9fecture du Bas-Rhin raconte, dans le d\u00e9tail : \u00ab samedi 12 avril 2025, lors du passage d\u2019une manifestation d\u00e9clar\u00e9e pro palestinienne \u00e0 Strasbourg, des personnes pr\u00e9sentes en terrasse de la boulangerie Dreher, qui ne pr\u00e9sente aucune distinction d\u2019appartenance \u00e0 la communaut\u00e9 juive, ont eu un geste de d\u00e9fiance et d\u2019opposition \u00e0 l\u2019\u00e9gard des manifestants, suscitant une r\u00e9action en retour. \u00bb Des sources polici\u00e8res parlent de doigts d\u2019honneur.<\/p>\n<p>Toujours selon le r\u00e9cit de la pr\u00e9fecture au quotidien francilien, \u00ab les policiers sont intervenus imm\u00e9diatement en interposition, pr\u00e9venant ainsi toute violence physique. L\u2019incident a \u00e9t\u00e9 bref et la manifestation s\u2019est poursuivie sans nouvel incident. \u00bb Ce n\u2019est pas tout. La pr\u00e9fecture d\u00e9ment \u00e9galement sans d\u00e9tour \u00ab que le commerce en tant que tel ait \u00e9t\u00e9 vis\u00e9. \u00bb<\/p>\n<p>\u00ab Les policiers sont intervenus lors d\u2019un incident impliquant des personnes ext\u00e9rieures \u00e0 la manifestation, pr\u00e9sentes devant le commerce, et qui ont eu un geste d\u00e9plac\u00e9 \u00e0 l\u2019\u00e9gard des manifestants \u00bb, insiste-t-on, tandis qu\u2019aucune plainte n\u2019a \u00e9t\u00e9 d\u00e9pos\u00e9e, de m\u00eame qu\u2019aucune interpellation n\u2019a eu lieu.<\/p>\n<p><strong>Mini-mea-culpa<\/strong><\/p>\n<p>Plusieurs m\u00e9dias pr\u00e9cisent en revanche qu\u2019une \u00ab br\u00e8ve empoignade \u00bb a bien eu lieu entre une manifestante et un des clients qui a alpagu\u00e9 le cort\u00e8ge devant la boulangerie. Une \u00ab altercation vite ma\u00eetris\u00e9e par la police \u00bb, selon le quotidien local Derni\u00e8res Nouvelles d\u2019Alsace. Des versions parfaitement confirm\u00e9es par le g\u00e9rant de la boulangerie en question.<\/p>\n<p>Interrog\u00e9 par DNA lundi, Benjamin Dreher assure qu\u2019il n\u2019y a \u00ab pas eu de d\u00e9g\u00e2ts \u00bb dans son commerce et s\u2019attache \u00e0 relativiser les \u00e9v\u00e9nements par rapport \u00e0 la tournure politique qu\u2019ils prennent depuis samedi. \u00ab Les vendeuses, habitu\u00e9es \u00e0 voir passer les manifestations, ne se sont rendu compte de rien \u00bb, ajoute-t-il, tandis que le m\u00e9dia le dit \u00ab m\u00e9dus\u00e9 par les proportions que prend l\u2019affaire. \u00bb<\/p>\n<blockquote placeholder=\"\" data-theme=\"light\" class=\"twitter-tweet\">\n<p>La boulangerie n&rsquo;a heureusement pas \u00e9t\u00e9 prise pour cible comme la vid\u00e9o le sugg\u00e9rait. Je regrette de l&rsquo;avoir laiss\u00e9 entendre.<\/p>\n<p>Des passants s&rsquo;y sont r\u00e9fugi\u00e9s.<br \/>Ils ont \u00e9t\u00e9 pris pour cibles. Dans des hurlements &#8211; \u00ab\u00a0ces gens-l\u00e0 sont des criminels\u00a0\u00bb &#8211; pendant une manifestation\u2026<\/p>\n<p>\u2014 Aurore Berg\u00e9 (@auroreberge) <a href=\"https:\/\/twitter.com\/auroreberge\/status\/1911880585468878997?ref_src=twsrc%5Etfw\" rel=\"nofollow noopener\" target=\"_blank\" data-ylk=\"slk:April 14, 2025;elm:context_link;itc:0;sec:content-canvas\" class=\"link \">April 14, 2025<\/a><\/p>\n<\/blockquote>\n<p>De quoi inspirer \u00e0 Aurore Berg\u00e9 un mea culpa en bonne et due forme ? Pas totalement. La ministre, qui affirmait samedi qu\u2019un commerce a \u00e9t\u00e9 \u00ab pris pour cible car il serait isra\u00e9lien \u00bb, s\u2019est fendu d\u2019un message lundi soir pour dire ses regrets d\u2019avoir \u00ab laiss\u00e9 entendre \u00bb une telle fake news. Le tout, sans retirer son message initial dans lequel elle ne prenait pas autant de pincettes. Son tweet fautif a \u00e9t\u00e9 vu pr\u00e8s de 420 000 fois. Il est toujours en ligne.<\/p>\n<p><strong>\u00c0 voir \u00e9galement sur Le HuffPost :<\/strong><\/p>\n<p><a data-i13n=\"cpos:8;pos:1\" href=\"https:\/\/fr.news.yahoo.com\/na%C3%AFma-moutchou-vice-pr%C3%A9sidente-l-143236207.html\" data-ylk=\"slk:Na\u00efma Moutchou, vice-pr\u00e9sidente de l\u2019Assembl\u00e9e, d\u00e9voile le \u00ab violent \u00bb courrier raciste qu\u2019elle a re\u00e7u;cpos:8;pos:1;elm:context_link;itc:0;sec:content-canvas;outcm:mb_qualified_link;_E:mb_qualified_link;ct:story;\" class=\"link  yahoo-link\" rel=\"nofollow noopener\" target=\"_blank\"> Na\u00efma Moutchou, vice-pr\u00e9sidente de l\u2019Assembl\u00e9e, d\u00e9voile le \u00ab violent \u00bb courrier raciste qu\u2019elle a re\u00e7u <\/a><\/p>\n<p><a data-i13n=\"cpos:9;pos:1\" href=\"https:\/\/fr.news.yahoo.com\/d%C3%A9put%C3%A9-peytavie-vis%C3%A9-publication-d-104959760.html\" data-ylk=\"slk:Le d\u00e9put\u00e9 Peytavie vis\u00e9 par une publication d\u2019extr\u00eame droite appelant \u00e0 l\u2019extermination des handicap\u00e9s;cpos:9;pos:1;elm:context_link;itc:0;sec:content-canvas;outcm:mb_qualified_link;_E:mb_qualified_link;ct:story;\" class=\"link  yahoo-link\" rel=\"nofollow noopener\" target=\"_blank\"> Le d\u00e9put\u00e9 Peytavie vis\u00e9 par une publication d\u2019extr\u00eame droite appelant \u00e0 l\u2019extermination des handicap\u00e9s <\/a><\/p>\n<p><script async src=\"https:\/\/platform.twitter.com\/widgets.js\" charset=\"utf-8\"><\/script><\/p>\n","protected":false},"excerpt":{"rendered":"POLITIQUE &#8211; Le carton de Berg\u00e9. Plusieurs responsables politiques de premiers plans se sont insurg\u00e9s, dimanche 13 avril,&hellip;\n","protected":false},"author":2,"featured_media":27199,"comment_status":"","ping_status":"","sticky":false,"template":"","format":"standard","meta":{"footnotes":""},"categories":[2820],"tags":[1111,11,9573,9575,1777,674,1011,27,775,12,6338,9576,25,9574,640],"class_list":{"0":"post-27198","1":"post","2":"type-post","3":"status-publish","4":"format-standard","5":"has-post-thumbnail","7":"category-strasbourg","8":"tag-actu","9":"tag-actualites","10":"tag-aurore-berge","11":"tag-berge","12":"tag-eu","13":"tag-europe","14":"tag-fr","15":"tag-france","16":"tag-grand-est","17":"tag-news","18":"tag-prefecture-du-bas-rhin","19":"tag-qu","20":"tag-republique-francaise","21":"tag-responsables-politiques","22":"tag-strasbourg"},"share_on_mastodon":{"url":"https:\/\/pubeurope.com\/@fr\/114343410755828531","error":""},"_links":{"self":[{"href":"https:\/\/www.europesays.com\/fr\/wp-json\/wp\/v2\/posts\/27198","targetHints":{"allow":["GET"]}}],"collection":[{"href":"https:\/\/www.europesays.com\/fr\/wp-json\/wp\/v2\/posts"}],"about":[{"href":"https:\/\/www.europesays.com\/fr\/wp-json\/wp\/v2\/types\/post"}],"author":[{"embeddable":true,"href":"https:\/\/www.europesays.com\/fr\/wp-json\/wp\/v2\/users\/2"}],"replies":[{"embeddable":true,"href":"https:\/\/www.europesays.com\/fr\/wp-json\/wp\/v2\/comments?post=27198"}],"version-history":[{"count":0,"href":"https:\/\/www.europesays.com\/fr\/wp-json\/wp\/v2\/posts\/27198\/revisions"}],"wp:featuredmedia":[{"embeddable":true,"href":"https:\/\/www.europesays.com\/fr\/wp-json\/wp\/v2\/media\/27199"}],"wp:attachment":[{"href":"https:\/\/www.europesays.com\/fr\/wp-json\/wp\/v2\/media?parent=27198"}],"wp:term":[{"taxonomy":"category","embeddable":true,"href":"https:\/\/www.europesays.com\/fr\/wp-json\/wp\/v2\/categories?post=27198"},{"taxonomy":"post_tag","embeddable":true,"href":"https:\/\/www.europesays.com\/fr\/wp-json\/wp\/v2\/tags?post=27198"}],"curies":[{"name":"wp","href":"https:\/\/api.w.org\/{rel}","templated":true}]}}